{"id":296802,"date":"2023-05-09T10:55:58","date_gmt":"2023-05-09T07:55:58","guid":{"rendered":"http:\/\/sana.sy\/es\/?p=296802"},"modified":"2023-05-09T11:00:23","modified_gmt":"2023-05-09T08:00:23","slug":"putin-las-elites-occidentales-insisten-en-su-exclusividad-provocan-conflictos-sangrientos-y-siembran-el-odio-2","status":"publish","type":"post","link":"https:\/\/archive.sana.sy\/es\/?p=296802","title":{"rendered":"Putin: Las \u00e9lites occidentales insisten en su exclusividad, provocan conflictos sangrientos y siembran el odio"},"content":{"rendered":"<blockquote>\n<p style=\"text-align: justify;\"><span style=\"color: #993300;\">&#8220;Una vez m\u00e1s se lanz\u00f3 una aut\u00e9ntica guerra contra nuestra patria. Pero hemos derrotado el terrorismo internacional, protegeremos a los residentes de Donb\u00e1s, garantizaremos nuestra seguridad&#8221;<\/span><\/p>\n<\/blockquote>\n<p style=\"text-align: justify;\"><span style=\"color: #800000;\"><strong>Mosc\u00fa, 9 may (SANA)\u00a0<\/strong> <\/span>\u00a0El presidente ruso Vlad\u00edmir Putin, dijo hoy que la civilizaci\u00f3n vuelve a encontrarse en un punto de inflexi\u00f3n crucial, y denunci\u00f3 que se libr\u00f3 una verdadera guerra contra Rusia.<\/p>\n<p style=\"text-align: justify;\"><img loading=\"lazy\" decoding=\"async\" class=\"size-medium wp-image-296797 alignleft\" src=\"http:\/\/sana.sy\/es\/wp-content\/uploads\/2023\/05\/photo_2023-05-09_10-42-47-300x165.jpg\" alt=\"\" width=\"300\" height=\"165\" srcset=\"https:\/\/archive.sana.sy\/es\/wp-content\/uploads\/2023\/05\/photo_2023-05-09_10-42-47-300x165.jpg 300w, https:\/\/archive.sana.sy\/es\/wp-content\/uploads\/2023\/05\/photo_2023-05-09_10-42-47-1024x564.jpg 1024w, https:\/\/archive.sana.sy\/es\/wp-content\/uploads\/2023\/05\/photo_2023-05-09_10-42-47-150x83.jpg 150w, https:\/\/archive.sana.sy\/es\/wp-content\/uploads\/2023\/05\/photo_2023-05-09_10-42-47-768x423.jpg 768w, https:\/\/archive.sana.sy\/es\/wp-content\/uploads\/2023\/05\/photo_2023-05-09_10-42-47.jpg 1280w\" sizes=\"(max-width: 300px) 100vw, 300px\" \/>Durante du discurso con motivo del 78.\u00ba aniversario de la victoria del pueblo sovi\u00e9tico sobre la Alemania nazi en la Gran Guerra Patria (1941-1945), el mandatario dijo que cualquier ideolog\u00eda de superioridad es repugnante, criminal y mortal.<\/p>\n<p style=\"text-align: justify;\">&#8220;Las \u00e9lites occidentales globales siguen insistiendo en su exclusividad, enfrentan a las personas y dividen a la sociedad, provocan conflictos sangrientos y golpes de Estado, siembran el odio, la rusofobia y el nacionalismo agresivo&#8221;, denunci\u00f3 el Gobernante.<\/p>\n<p style=\"text-align: justify;\">Agreg\u00f3 que &#8220;Occidente parece haber olvidado qui\u00e9n derrot\u00f3 al &#8220;monstruoso mal total del nazismo&#8221;.<\/p>\n<p style=\"text-align: justify;\">&#8220;Una vez m\u00e1s se lanz\u00f3 una aut\u00e9ntica guerra contra nuestra patria. Pero hemos derrotado el terrorismo internacional, protegeremos a los residentes de Donb\u00e1s, garantizaremos nuestra seguridad&#8221;, indic\u00f3.<\/p>\n<p style=\"text-align: justify;\">Seg\u00fan Putin, Kiev se convirti\u00f3 en un reh\u00e9n y en una moneda de cambio en manos de Occidente.<\/p>\n<p style=\"text-align: justify;\"><img loading=\"lazy\" decoding=\"async\" class=\"size-medium wp-image-296798 alignleft\" src=\"http:\/\/sana.sy\/es\/wp-content\/uploads\/2023\/05\/photo_2023-05-09_10-42-49-300x166.jpg\" alt=\"\" width=\"300\" height=\"166\" srcset=\"https:\/\/archive.sana.sy\/es\/wp-content\/uploads\/2023\/05\/photo_2023-05-09_10-42-49-300x166.jpg 300w, https:\/\/archive.sana.sy\/es\/wp-content\/uploads\/2023\/05\/photo_2023-05-09_10-42-49-1024x568.jpg 1024w, https:\/\/archive.sana.sy\/es\/wp-content\/uploads\/2023\/05\/photo_2023-05-09_10-42-49-150x83.jpg 150w, https:\/\/archive.sana.sy\/es\/wp-content\/uploads\/2023\/05\/photo_2023-05-09_10-42-49-768x426.jpg 768w, https:\/\/archive.sana.sy\/es\/wp-content\/uploads\/2023\/05\/photo_2023-05-09_10-42-49.jpg 1280w\" sizes=\"(max-width: 300px) 100vw, 300px\" \/>Seg\u00fan el ministro de Defensa ruso, Sergu\u00e9i Shoig\u00fa, el gran desfile organizado este a\u00f1o en la capital rusa cuenta con la participaci\u00f3n de m\u00e1s de 10.000 militares y 125 piezas de armamento y equipos b\u00e9licos.<\/p>\n<p style=\"text-align: justify;\">fm\/ed<\/p>\n<p style=\"text-align: justify;\">\n","protected":false},"excerpt":{"rendered":"<p>&#8220;Una vez m\u00e1s se lanz\u00f3 una aut\u00e9ntica guerra contra nuestra patria. Pero hemos derrotado el terrorismo internacional, protegeremos a los residentes de Donb\u00e1s, garantizaremos nuestra seguridad&#8221; Mosc\u00fa, 9 may (SANA)\u00a0 \u00a0El presidente ruso Vlad\u00edmir Putin, dijo hoy que la civilizaci\u00f3n vuelve a encontrarse en un punto de inflexi\u00f3n crucial, y denunci\u00f3 que se libr\u00f3 una &hellip;<\/p>\n","protected":false},"author":32,"featured_media":296801,"comment_status":"closed","ping_status":"closed","sticky":false,"template":"","format":"standard","meta":{"footnotes":""},"categories":[597,456,16687,583],"tags":[],"class_list":["post-296802","post","type-post","status-publish","format-standard","has-post-thumbnail","","category-cinta-de-noticias","category-arabe-internacional-politica","category-internacionales","category-slide"],"_links":{"self":[{"href":"https:\/\/archive.sana.sy\/es\/index.php?rest_route=\/wp\/v2\/posts\/296802"}],"collection":[{"href":"https:\/\/archive.sana.sy\/es\/index.php?rest_route=\/wp\/v2\/posts"}],"about":[{"href":"https:\/\/archive.sana.sy\/es\/index.php?rest_route=\/wp\/v2\/types\/post"}],"author":[{"embeddable":true,"href":"https:\/\/archive.sana.sy\/es\/index.php?rest_route=\/wp\/v2\/users\/32"}],"replies":[{"embeddable":true,"href":"https:\/\/archive.sana.sy\/es\/index.php?rest_route=%2Fwp%2Fv2%2Fcomments&post=296802"}],"version-history":[{"count":3,"href":"https:\/\/archive.sana.sy\/es\/index.php?rest_route=\/wp\/v2\/posts\/296802\/revisions"}],"predecessor-version":[{"id":296805,"href":"https:\/\/archive.sana.sy\/es\/index.php?rest_route=\/wp\/v2\/posts\/296802\/revisions\/296805"}],"wp:featuredmedia":[{"embeddable":true,"href":"https:\/\/archive.sana.sy\/es\/index.php?rest_route=\/wp\/v2\/media\/296801"}],"wp:attachment":[{"href":"https:\/\/archive.sana.sy\/es\/index.php?rest_route=%2Fwp%2Fv2%2Fmedia&parent=296802"}],"wp:term":[{"taxonomy":"category","embeddable":true,"href":"https:\/\/archive.sana.sy\/es\/index.php?rest_route=%2Fwp%2Fv2%2Fcategories&post=296802"},{"taxonomy":"post_tag","embeddable":true,"href":"https:\/\/archive.sana.sy\/es\/index.php?rest_route=%2Fwp%2Fv2%2Ftags&post=296802"}],"curies":[{"name":"wp","href":"https:\/\/api.w.org\/{rel}","templated":true}]}}