{"id":296808,"date":"2023-05-09T12:02:21","date_gmt":"2023-05-09T09:02:21","guid":{"rendered":"http:\/\/sana.sy\/es\/?p=296808"},"modified":"2023-05-09T12:02:21","modified_gmt":"2023-05-09T09:02:21","slug":"siria-exige-que-los-responsables-israelies-rindan-cuentas-por-sus-crimenes","status":"publish","type":"post","link":"https:\/\/archive.sana.sy\/es\/?p=296808","title":{"rendered":"Siria exige que los responsables israel\u00edes rindan cuentas por sus cr\u00edmenes"},"content":{"rendered":"<blockquote>\n<p style=\"text-align: justify;\"><span style=\"color: #993300;\">\u00a0&#8220;Las palabras de condena y denuncia ya no son suficientes, y hace falta ahora tomar medidas reales para poner fin a estas masacres israel\u00edes contra el pueblo palestino y que los funcionarios israel\u00edes rindan cuentas por cometer cr\u00edmenes&#8221;<\/span><\/p>\n<\/blockquote>\n<p style=\"text-align: justify;\"><span style=\"color: #800000;\"><strong>Damasco, 9 may (SANA)<\/strong><\/span> Siria manifest\u00f3 hoy su en\u00e9rgica condena a los bombardeos israel\u00edes contra la Franja de Gaza y reiter\u00f3 su apoyo al pueblo palestino y su justa causa, as\u00ed como inst\u00f3 a tomar medidas reales para poner fin a los &#8220;cr\u00edmenes y masacres&#8221; israel\u00edes contra este pueblo.<\/p>\n<p style=\"text-align: justify;\">Expresamos nuestro m\u00e1s sentido p\u00e9same a las familias de los m\u00e1rtires palestinos ca\u00eddos como consecuencia de la agresi\u00f3n y el crimen perpetrados por las fuerzas de ocupaci\u00f3n israel\u00edes en la Franja de Gaza en la madrugada de este martes, declar\u00f3 el Ministerio de Asuntos Exteriores y Expatriados de Siria.<\/p>\n<p style=\"text-align: justify;\">Ratific\u00f3 por medio de un comunicado, el apoyo al pueblo palestino y su justa causa, y asegur\u00f3 que tal comportamiento criminal fortificar\u00e1 esta posici\u00f3n y reforzar\u00e1 la determinaci\u00f3n inquebrantable de pueblo palestino de proseguir su lucha hasta que recupere sus plenos derechos.<\/p>\n<p style=\"text-align: justify;\">Seg\u00fan Canciller\u00eda, las palabras de condena y denuncia ya no son suficientes, y hace falta ahora tomar medidas reales para poner fin a estas masacres israel\u00edes contra el pueblo palestino y que los funcionarios israel\u00edes rindan cuentas por cometer cr\u00edmenes en un intento de desv\u00edan la atenci\u00f3n sobre sus crisis internas.<\/p>\n<p style=\"text-align: justify;\">Al menos 12 palestinos murieron y m\u00e1s de 20 resultaron heridos, algunos de gravedad, por incursiones a\u00e9reas realizadas en la madrugada de este martes, por las fuerzas de ocupaci\u00f3n israel\u00edes contra distintas zonas de la Franja de Gaza.<\/p>\n<p style=\"text-align: justify;\">Entre las v\u00edctimas de los bombardeos figuran ni\u00f1os y mujeres, y la cifra de v\u00edctimas podr\u00eda aumentar.<\/p>\n<p style=\"text-align: justify;\">fm\/ed<\/p>\n","protected":false},"excerpt":{"rendered":"<p>\u00a0&#8220;Las palabras de condena y denuncia ya no son suficientes, y hace falta ahora tomar medidas reales para poner fin a estas masacres israel\u00edes contra el pueblo palestino y que los funcionarios israel\u00edes rindan cuentas por cometer cr\u00edmenes&#8221; Damasco, 9 may (SANA) Siria manifest\u00f3 hoy su en\u00e9rgica condena a los bombardeos israel\u00edes contra la Franja &hellip;<\/p>\n","protected":false},"author":32,"featured_media":296813,"comment_status":"closed","ping_status":"closed","sticky":false,"template":"","format":"standard","meta":{"footnotes":""},"categories":[477,597,476,583],"tags":[],"class_list":["post-296808","post","type-post","status-publish","format-standard","has-post-thumbnail","","category-noticias-edulcorantes","category-cinta-de-noticias","category-locales","category-slide"],"_links":{"self":[{"href":"https:\/\/archive.sana.sy\/es\/index.php?rest_route=\/wp\/v2\/posts\/296808"}],"collection":[{"href":"https:\/\/archive.sana.sy\/es\/index.php?rest_route=\/wp\/v2\/posts"}],"about":[{"href":"https:\/\/archive.sana.sy\/es\/index.php?rest_route=\/wp\/v2\/types\/post"}],"author":[{"embeddable":true,"href":"https:\/\/archive.sana.sy\/es\/index.php?rest_route=\/wp\/v2\/users\/32"}],"replies":[{"embeddable":true,"href":"https:\/\/archive.sana.sy\/es\/index.php?rest_route=%2Fwp%2Fv2%2Fcomments&post=296808"}],"version-history":[{"count":1,"href":"https:\/\/archive.sana.sy\/es\/index.php?rest_route=\/wp\/v2\/posts\/296808\/revisions"}],"predecessor-version":[{"id":296814,"href":"https:\/\/archive.sana.sy\/es\/index.php?rest_route=\/wp\/v2\/posts\/296808\/revisions\/296814"}],"wp:featuredmedia":[{"embeddable":true,"href":"https:\/\/archive.sana.sy\/es\/index.php?rest_route=\/wp\/v2\/media\/296813"}],"wp:attachment":[{"href":"https:\/\/archive.sana.sy\/es\/index.php?rest_route=%2Fwp%2Fv2%2Fmedia&parent=296808"}],"wp:term":[{"taxonomy":"category","embeddable":true,"href":"https:\/\/archive.sana.sy\/es\/index.php?rest_route=%2Fwp%2Fv2%2Fcategories&post=296808"},{"taxonomy":"post_tag","embeddable":true,"href":"https:\/\/archive.sana.sy\/es\/index.php?rest_route=%2Fwp%2Fv2%2Ftags&post=296808"}],"curies":[{"name":"wp","href":"https:\/\/api.w.org\/{rel}","templated":true}]}}