{"id":296815,"date":"2023-05-09T12:41:13","date_gmt":"2023-05-09T09:41:13","guid":{"rendered":"http:\/\/sana.sy\/es\/?p=296815"},"modified":"2023-05-09T12:41:13","modified_gmt":"2023-05-09T09:41:13","slug":"armas-israelies-en-posesion-de-dos-cabecillas-de-daesh-eliminados-por-siria","status":"publish","type":"post","link":"https:\/\/archive.sana.sy\/es\/?p=296815","title":{"rendered":"Armas israel\u00edes en posesi\u00f3n de dos cabecillas de Daesh eliminados por Siria"},"content":{"rendered":"<blockquote>\n<p style=\"text-align: justify;\"><span style=\"color: #993300;\">Se confiscaron las armas que estaban en posesi\u00f3n de estos terroristas, algunas son de fabricaci\u00f3n \u201cisrael\u00ed\u201d, incluidos rifles autom\u00e1ticos, pistolas y una ametralladora \u201cSonobal\u201d.<\/span><\/p>\n<\/blockquote>\n<p style=\"text-align: justify;\"><span style=\"color: #800000;\"><strong>Deraa, 9 may (SANA)<\/strong><\/span> Las Fuerzas de Seguridad de Siria anunciaron hoy que dos de los m\u00e1s peligrosos cabecillas del grupo terrorista Daesh fueron eliminados hoy en la provincia de Deraa, en el sur del pa\u00eds.<\/p>\n<p style=\"text-align: justify;\">Los dos extremistas son Hassan Al-Hayek y Nabil Al-Abdullah, ambos implicados en cr\u00edmenes de asesinatos, detonaci\u00f3n de bombas y de ataques contra civiles y militares en la cabecera provincial de Deraa.<\/p>\n<p style=\"text-align: justify;\">Asimismo, se confiscaron las armas que estaban en posesi\u00f3n de estos terroristas, algunas son de fabricaci\u00f3n \u201cisrael\u00ed\u201d, incluidos rifles autom\u00e1ticos, pistolas y una ametralladora \u201cSonobal\u201d.<\/p>\n<p style=\"text-align: justify;\">En enero pasado, las fuerzas de seguridad sirias anunciaron la eliminaci\u00f3n del cabecilla terrorista Muhammad Ali Al-Shaghouri, uno de los l\u00edderes del grupo Daesh, en un operativo llevado a cabo por las fuerzas de seguridad en el oeste de la provincia sure\u00f1a de Deraa.<\/p>\n<p style=\"text-align: justify;\">Fueron eliminados tambi\u00e9n los dos escoltas del referido terrorista Al-Shaghouri, y son: Ahmed Khaled Al-Masry y Mohsen Zitawi, tras asaltar su sede cerca de la escuela preparatoria en el barrio norte de la ciudad de Al-Muzayrib.<\/p>\n<p style=\"text-align: justify;\">Mientras en diciembre pasado, fue erradicado el cabecilla de la organizaci\u00f3n terrorista (Daesh), el llamado \u201cAbu Al-Hassan Al-Hashemi Al-Qurashi\u201d, en una operaci\u00f3n de seguridad del Ej\u00e9rcito \u00c1rabe Sirio en ciudad de Jasem, en la provincia de Deraa.<\/p>\n<p style=\"text-align: justify;\">fm\/as<\/p>\n","protected":false},"excerpt":{"rendered":"<p>Se confiscaron las armas que estaban en posesi\u00f3n de estos terroristas, algunas son de fabricaci\u00f3n \u201cisrael\u00ed\u201d, incluidos rifles autom\u00e1ticos, pistolas y una ametralladora \u201cSonobal\u201d. Deraa, 9 may (SANA) Las Fuerzas de Seguridad de Siria anunciaron hoy que dos de los m\u00e1s peligrosos cabecillas del grupo terrorista Daesh fueron eliminados hoy en la provincia de Deraa, &hellip;<\/p>\n","protected":false},"author":42,"featured_media":296816,"comment_status":"closed","ping_status":"closed","sticky":false,"template":"","format":"standard","meta":{"footnotes":""},"categories":[597,20724,16688,476,583],"tags":[],"class_list":["post-296815","post","type-post","status-publish","format-standard","has-post-thumbnail","","category-cinta-de-noticias","category-minuto-a-minuto","category-nacionales","category-locales","category-slide"],"_links":{"self":[{"href":"https:\/\/archive.sana.sy\/es\/index.php?rest_route=\/wp\/v2\/posts\/296815"}],"collection":[{"href":"https:\/\/archive.sana.sy\/es\/index.php?rest_route=\/wp\/v2\/posts"}],"about":[{"href":"https:\/\/archive.sana.sy\/es\/index.php?rest_route=\/wp\/v2\/types\/post"}],"author":[{"embeddable":true,"href":"https:\/\/archive.sana.sy\/es\/index.php?rest_route=\/wp\/v2\/users\/42"}],"replies":[{"embeddable":true,"href":"https:\/\/archive.sana.sy\/es\/index.php?rest_route=%2Fwp%2Fv2%2Fcomments&post=296815"}],"version-history":[{"count":1,"href":"https:\/\/archive.sana.sy\/es\/index.php?rest_route=\/wp\/v2\/posts\/296815\/revisions"}],"predecessor-version":[{"id":296817,"href":"https:\/\/archive.sana.sy\/es\/index.php?rest_route=\/wp\/v2\/posts\/296815\/revisions\/296817"}],"wp:featuredmedia":[{"embeddable":true,"href":"https:\/\/archive.sana.sy\/es\/index.php?rest_route=\/wp\/v2\/media\/296816"}],"wp:attachment":[{"href":"https:\/\/archive.sana.sy\/es\/index.php?rest_route=%2Fwp%2Fv2%2Fmedia&parent=296815"}],"wp:term":[{"taxonomy":"category","embeddable":true,"href":"https:\/\/archive.sana.sy\/es\/index.php?rest_route=%2Fwp%2Fv2%2Fcategories&post=296815"},{"taxonomy":"post_tag","embeddable":true,"href":"https:\/\/archive.sana.sy\/es\/index.php?rest_route=%2Fwp%2Fv2%2Ftags&post=296815"}],"curies":[{"name":"wp","href":"https:\/\/api.w.org\/{rel}","templated":true}]}}