{"id":296831,"date":"2023-05-09T14:41:49","date_gmt":"2023-05-09T11:41:49","guid":{"rendered":"http:\/\/sana.sy\/es\/?p=296831"},"modified":"2023-05-09T14:41:49","modified_gmt":"2023-05-09T11:41:49","slug":"fuerzas-rusas-liberan-las-islas-en-desembocadura-del-rio-dnieper","status":"publish","type":"post","link":"https:\/\/archive.sana.sy\/es\/?p=296831","title":{"rendered":"Fuerzas rusas liberan las islas en desembocadura del r\u00edo Dni\u00e9per"},"content":{"rendered":"<p style=\"text-align: justify;\"><span style=\"color: #800000;\"><strong>Mosc\u00fa, 9 may (SANA)<\/strong><\/span>\u00a0 \u00a0Unidades militares rusas tomaron hoy el control de los accesos a todas las islas en la desembocadura del r\u00edo Dni\u00e9per en la regi\u00f3n de Jers\u00f3n.<\/p>\n<p style=\"text-align: justify;\">El Ministerio de Defensa de la Federaci\u00f3n de Rusia inform\u00f3 que las fuerzas ucranianas ya no tienen ninguna posibilidad de recuperar esas islas y crear fortificaciones en ellas.<\/p>\n<p style=\"text-align: justify;\">El ente castrense indic\u00f3 que grupos de saboteadores ucranianos en siete lanchas r\u00e1pidas intentaron desembarcar en la margen oriental del Dni\u00e9per, al norte de la ciudad de Alyoshka, pero fueron aniquilados.<\/p>\n<p style=\"text-align: justify;\">fm\/ed<\/p>\n","protected":false},"excerpt":{"rendered":"<p>Mosc\u00fa, 9 may (SANA)\u00a0 \u00a0Unidades militares rusas tomaron hoy el control de los accesos a todas las islas en la desembocadura del r\u00edo Dni\u00e9per en la regi\u00f3n de Jers\u00f3n. El Ministerio de Defensa de la Federaci\u00f3n de Rusia inform\u00f3 que las fuerzas ucranianas ya no tienen ninguna posibilidad de recuperar esas islas y crear fortificaciones &hellip;<\/p>\n","protected":false},"author":32,"featured_media":296832,"comment_status":"closed","ping_status":"closed","sticky":false,"template":"","format":"standard","meta":{"footnotes":""},"categories":[597,456,16687,7541],"tags":[],"class_list":["post-296831","post","type-post","status-publish","format-standard","has-post-thumbnail","","category-cinta-de-noticias","category-arabe-internacional-politica","category-internacionales","category-ultimas-noticias"],"_links":{"self":[{"href":"https:\/\/archive.sana.sy\/es\/index.php?rest_route=\/wp\/v2\/posts\/296831"}],"collection":[{"href":"https:\/\/archive.sana.sy\/es\/index.php?rest_route=\/wp\/v2\/posts"}],"about":[{"href":"https:\/\/archive.sana.sy\/es\/index.php?rest_route=\/wp\/v2\/types\/post"}],"author":[{"embeddable":true,"href":"https:\/\/archive.sana.sy\/es\/index.php?rest_route=\/wp\/v2\/users\/32"}],"replies":[{"embeddable":true,"href":"https:\/\/archive.sana.sy\/es\/index.php?rest_route=%2Fwp%2Fv2%2Fcomments&post=296831"}],"version-history":[{"count":1,"href":"https:\/\/archive.sana.sy\/es\/index.php?rest_route=\/wp\/v2\/posts\/296831\/revisions"}],"predecessor-version":[{"id":296833,"href":"https:\/\/archive.sana.sy\/es\/index.php?rest_route=\/wp\/v2\/posts\/296831\/revisions\/296833"}],"wp:featuredmedia":[{"embeddable":true,"href":"https:\/\/archive.sana.sy\/es\/index.php?rest_route=\/wp\/v2\/media\/296832"}],"wp:attachment":[{"href":"https:\/\/archive.sana.sy\/es\/index.php?rest_route=%2Fwp%2Fv2%2Fmedia&parent=296831"}],"wp:term":[{"taxonomy":"category","embeddable":true,"href":"https:\/\/archive.sana.sy\/es\/index.php?rest_route=%2Fwp%2Fv2%2Fcategories&post=296831"},{"taxonomy":"post_tag","embeddable":true,"href":"https:\/\/archive.sana.sy\/es\/index.php?rest_route=%2Fwp%2Fv2%2Ftags&post=296831"}],"curies":[{"name":"wp","href":"https:\/\/api.w.org\/{rel}","templated":true}]}}