{"id":29689,"date":"2015-09-08T18:18:17","date_gmt":"2015-09-08T15:18:17","guid":{"rendered":"http:\/\/sana.sy\/es\/?p=29689"},"modified":"2015-09-08T18:18:17","modified_gmt":"2015-09-08T15:18:17","slug":"desmienten-retirar-nacionalidad-siria-a-los-inmigrantes-sirios","status":"publish","type":"post","link":"https:\/\/archive.sana.sy\/es\/?p=29689","title":{"rendered":"Desmienten retirar nacionalidad siria a los inmigrantes sirios"},"content":{"rendered":"<p><span style=\"color: #800000\">Damasco, SANA<\/span><\/p>\n<p>Una fuente en el Ministerio de Informaci\u00f3n desminti\u00f3 este martes noticias publicadas por algunos medios de comunicaci\u00f3n sobre la retirada de la nacionalidad siria a los inmigrantes sirios o los sirios que residen fuera del pa\u00eds, y la confiscaci\u00f3n de sus propiedades y bienes de como consecuencia de la guerra terrorista.<\/p>\n<p>La fuente subray\u00f3 que estos asuntos se determinan por la Carta Magna siria que protege la propiedad privada y los derechos del ser humano, sobre todo su derecho natural de portar la nacionalidad de su pa\u00eds.<\/p>\n<p>Lynn A.<\/p>\n","protected":false},"excerpt":{"rendered":"<p>Damasco, SANA Una fuente en el Ministerio de Informaci\u00f3n desminti\u00f3 este martes noticias publicadas por algunos medios de comunicaci\u00f3n sobre la retirada de la nacionalidad siria a los inmigrantes sirios o los sirios que residen fuera del pa\u00eds, y la confiscaci\u00f3n de sus propiedades y bienes de como consecuencia de la guerra terrorista. La fuente &hellip;<\/p>\n","protected":false},"author":24,"featured_media":8528,"comment_status":"closed","ping_status":"closed","sticky":false,"template":"","format":"standard","meta":{"footnotes":""},"categories":[477,597,476],"tags":[6577],"class_list":["post-29689","post","type-post","status-publish","format-standard","has-post-thumbnail","","category-noticias-edulcorantes","category-cinta-de-noticias","category-locales","tag-desmienten-retirar-nacionalidad-siria-a-los-inmigrantes-sirios"],"_links":{"self":[{"href":"https:\/\/archive.sana.sy\/es\/index.php?rest_route=\/wp\/v2\/posts\/29689"}],"collection":[{"href":"https:\/\/archive.sana.sy\/es\/index.php?rest_route=\/wp\/v2\/posts"}],"about":[{"href":"https:\/\/archive.sana.sy\/es\/index.php?rest_route=\/wp\/v2\/types\/post"}],"author":[{"embeddable":true,"href":"https:\/\/archive.sana.sy\/es\/index.php?rest_route=\/wp\/v2\/users\/24"}],"replies":[{"embeddable":true,"href":"https:\/\/archive.sana.sy\/es\/index.php?rest_route=%2Fwp%2Fv2%2Fcomments&post=29689"}],"version-history":[{"count":0,"href":"https:\/\/archive.sana.sy\/es\/index.php?rest_route=\/wp\/v2\/posts\/29689\/revisions"}],"wp:featuredmedia":[{"embeddable":true,"href":"https:\/\/archive.sana.sy\/es\/index.php?rest_route=\/wp\/v2\/media\/8528"}],"wp:attachment":[{"href":"https:\/\/archive.sana.sy\/es\/index.php?rest_route=%2Fwp%2Fv2%2Fmedia&parent=29689"}],"wp:term":[{"taxonomy":"category","embeddable":true,"href":"https:\/\/archive.sana.sy\/es\/index.php?rest_route=%2Fwp%2Fv2%2Fcategories&post=29689"},{"taxonomy":"post_tag","embeddable":true,"href":"https:\/\/archive.sana.sy\/es\/index.php?rest_route=%2Fwp%2Fv2%2Ftags&post=29689"}],"curies":[{"name":"wp","href":"https:\/\/api.w.org\/{rel}","templated":true}]}}