{"id":29694,"date":"2015-09-08T20:06:05","date_gmt":"2015-09-08T17:06:05","guid":{"rendered":"http:\/\/sana.sy\/es\/?p=29694"},"modified":"2015-09-08T20:06:05","modified_gmt":"2015-09-08T17:06:05","slug":"gabinete-examina-varios-temas-de-servicio-incluyendo-el-sector-electrico","status":"publish","type":"post","link":"https:\/\/archive.sana.sy\/es\/?p=29694","title":{"rendered":"Gabinete examina varios temas de servicio, incluyendo el sector el\u00e9ctrico"},"content":{"rendered":"<p style=\"text-align: justify\"><span style=\"color: #800000\">Damasco, SANA<\/span>&#8211; El Consejo de Ministros discuti\u00f3 en su sesi\u00f3n semanal el martes una serie de temas de inter\u00e9s p\u00fablico, incluyendo los precios de los productos en el mercado y la distribuci\u00f3n de combustible.<\/p>\n<p style=\"text-align: justify\">Presidiendo la sesi\u00f3n, el primer ministro Wael al-Halaqi hizo hincapi\u00e9 en la necesidad de superar las dificultades que afecten el desempe\u00f1o del sector el\u00e9ctrico, pidiendo la reducci\u00f3n de horas de racionamiento, adem\u00e1s exigi\u00f3 la disponibilidad de los productos derivados del petr\u00f3leo y la mejora de la calidad de los servicios de transporte.<\/p>\n<p style=\"text-align: justify\">El jefe del Ejecutivo manifest\u00f3 que el gobierno est\u00e1 dando seguimiento a todos los casos de corrupci\u00f3n denunciados por los medios de comunicaci\u00f3n, y pidi\u00f3 tomar las medidas adecuadas para hacer frente al flujo de productos de origen turco en los mercados sirios.<\/p>\n<p style=\"text-align: justify\">Por su parte, el viceprimer ministro para Asuntos de Servicios, el ministro de Administraci\u00f3n Local Omar Galawanji dijo que la situaci\u00f3n de abastecimiento de agua potable es estable y que las reservas de harina han aumentado.<\/p>\n<p style=\"text-align: justify\">El gobernador del Banco Central de Siria Adib Mayyalah habl\u00f3 de la situaci\u00f3n actual del sector monetario y financiero y las medidas adoptadas para mejorar el tipo de cambio de la Libra Siria.<\/p>\n<p>M.Miri<\/p>\n","protected":false},"excerpt":{"rendered":"<p>Damasco, SANA&#8211; El Consejo de Ministros discuti\u00f3 en su sesi\u00f3n semanal el martes una serie de temas de inter\u00e9s p\u00fablico, incluyendo los precios de los productos en el mercado y la distribuci\u00f3n de combustible. Presidiendo la sesi\u00f3n, el primer ministro Wael al-Halaqi hizo hincapi\u00e9 en la necesidad de superar las dificultades que afecten el desempe\u00f1o &hellip;<\/p>\n","protected":false},"author":1,"featured_media":29695,"comment_status":"closed","ping_status":"closed","sticky":false,"template":"","format":"standard","meta":{"footnotes":""},"categories":[477,476],"tags":[6579,6580],"class_list":["post-29694","post","type-post","status-publish","format-standard","has-post-thumbnail","","category-noticias-edulcorantes","category-locales","tag-gabinete-examina-varios-temas-de-servicio","tag-incluyendo-el-sector-electrico"],"_links":{"self":[{"href":"https:\/\/archive.sana.sy\/es\/index.php?rest_route=\/wp\/v2\/posts\/29694"}],"collection":[{"href":"https:\/\/archive.sana.sy\/es\/index.php?rest_route=\/wp\/v2\/posts"}],"about":[{"href":"https:\/\/archive.sana.sy\/es\/index.php?rest_route=\/wp\/v2\/types\/post"}],"author":[{"embeddable":true,"href":"https:\/\/archive.sana.sy\/es\/index.php?rest_route=\/wp\/v2\/users\/1"}],"replies":[{"embeddable":true,"href":"https:\/\/archive.sana.sy\/es\/index.php?rest_route=%2Fwp%2Fv2%2Fcomments&post=29694"}],"version-history":[{"count":0,"href":"https:\/\/archive.sana.sy\/es\/index.php?rest_route=\/wp\/v2\/posts\/29694\/revisions"}],"wp:featuredmedia":[{"embeddable":true,"href":"https:\/\/archive.sana.sy\/es\/index.php?rest_route=\/wp\/v2\/media\/29695"}],"wp:attachment":[{"href":"https:\/\/archive.sana.sy\/es\/index.php?rest_route=%2Fwp%2Fv2%2Fmedia&parent=29694"}],"wp:term":[{"taxonomy":"category","embeddable":true,"href":"https:\/\/archive.sana.sy\/es\/index.php?rest_route=%2Fwp%2Fv2%2Fcategories&post=29694"},{"taxonomy":"post_tag","embeddable":true,"href":"https:\/\/archive.sana.sy\/es\/index.php?rest_route=%2Fwp%2Fv2%2Ftags&post=29694"}],"curies":[{"name":"wp","href":"https:\/\/api.w.org\/{rel}","templated":true}]}}