{"id":296946,"date":"2023-05-10T06:17:58","date_gmt":"2023-05-10T03:17:58","guid":{"rendered":"http:\/\/sana.sy\/es\/?p=296946"},"modified":"2023-05-10T06:19:05","modified_gmt":"2023-05-10T03:19:05","slug":"siria-y-arabia-saudita-reanudan-trabajo-de-sus-misiones-diplomaticas","status":"publish","type":"post","link":"https:\/\/archive.sana.sy\/es\/?p=296946","title":{"rendered":"Siria y Arabia Saudita reanudan trabajo de sus misiones \u00a0diplom\u00e1ticas"},"content":{"rendered":"<blockquote><p><span style=\"color: #993300;\">Por medio de un comunicado enviado a la redacci\u00f3n de SANA, la Canciller\u00eda siria anunci\u00f3 que esta decisi\u00f3n parte de los profundos lazos entre los dos pa\u00edses, de la pertenencia com\u00fan de sus pueblos, y de la convicci\u00f3n que tiene Damasco en la importancia de fortalecer las relaciones bilaterales entre los pa\u00edses \u00e1rabes por el bien de la acci\u00f3n \u00e1rabe conjunta.<\/span><\/p><\/blockquote>\n<p style=\"text-align: justify;\"><span style=\"color: #800000;\"><strong>Damasco, 10 may (SANA)\u00a0<\/strong><\/span> Siria anunci\u00f3 hoy la reanudaci\u00f3n del trabajo de su misi\u00f3n diplom\u00e1tica en el Reino de Arabia Saudita.<\/p>\n<p style=\"text-align: justify;\">Por medio de un comunicado enviado a la redacci\u00f3n de SANA, el Ministerio de Asuntos Exteriores y Expatriados anunci\u00f3 que esta decisi\u00f3n parte de los profundos lazos entre los dos pa\u00edses, de la pertenencia com\u00fan de sus pueblos, y de la convicci\u00f3n que tiene Damasco en la importancia de fortalecer las relaciones bilaterales entre los pa\u00edses \u00e1rabes por el bien de la acci\u00f3n \u00e1rabe conjunta.<\/p>\n<p style=\"text-align: justify;\"><strong><span style=\"color: #003366;\">Arabia Saudita decide reabrir su misi\u00f3n diplom\u00e1tica en Siria<\/span><\/strong><\/p>\n<p style=\"text-align: justify;\">A su vez, el Reino de Arabia Saudita anunci\u00f3 la reanudaci\u00f3n de su misi\u00f3n diplom\u00e1tica en Siria.<\/p>\n<p style=\"text-align: justify;\"><img loading=\"lazy\" decoding=\"async\" class=\"wp-image-296949 alignleft\" src=\"http:\/\/sana.sy\/es\/wp-content\/uploads\/2023\/05\/photo_2023-05-09_22-42-50-218x300.jpg\" alt=\"\" width=\"184\" height=\"253\" srcset=\"https:\/\/archive.sana.sy\/es\/wp-content\/uploads\/2023\/05\/photo_2023-05-09_22-42-50-218x300.jpg 218w, https:\/\/archive.sana.sy\/es\/wp-content\/uploads\/2023\/05\/photo_2023-05-09_22-42-50-744x1024.jpg 744w, https:\/\/archive.sana.sy\/es\/wp-content\/uploads\/2023\/05\/photo_2023-05-09_22-42-50-109x150.jpg 109w, https:\/\/archive.sana.sy\/es\/wp-content\/uploads\/2023\/05\/photo_2023-05-09_22-42-50-768x1057.jpg 768w, https:\/\/archive.sana.sy\/es\/wp-content\/uploads\/2023\/05\/photo_2023-05-09_22-42-50.jpg 930w\" sizes=\"(max-width: 184px) 100vw, 184px\" \/>Seg\u00fan la Canciller\u00eda saudita, la decisi\u00f3n se tom\u00f3 sobre la base de los lazos de hermandad que unen a los pueblos del Reino de Arabia Saudita y la Rep\u00fablica \u00c1rabe Siria, y la voluntad de contribuir al desarrollo de la acci\u00f3n \u00e1rabe conjunta y mejorar seguridad y estabilidad en la regi\u00f3n.<\/p>\n<p style=\"text-align: justify;\">Agreg\u00f3 que la medida tambi\u00e9n se bas\u00f3 en la decisi\u00f3n de la reuni\u00f3n ministerial del Consejo de Ministros de Exteriores de los Estados \u00c1rabes que se celebr\u00f3 en El Cairo el siete de este mes, de reanudar la participaci\u00f3n de delegaciones de la Rep\u00fablica \u00c1rabe Siria en las reuniones del Consejo de la Liga de los Estados \u00c1rabes y todas sus organizaciones.<\/p>\n<p style=\"text-align: justify;\">Esta decisi\u00f3n toma en cuenta tambi\u00e9n los principios de las cartas de las Naciones Unidas y la Liga de los Estados \u00c1rabes, y las convenciones y normas internacionales.<\/p>\n<p style=\"text-align: justify;\">fm<\/p>\n","protected":false},"excerpt":{"rendered":"<p>Por medio de un comunicado enviado a la redacci\u00f3n de SANA, la Canciller\u00eda siria anunci\u00f3 que esta decisi\u00f3n parte de los profundos lazos entre los dos pa\u00edses, de la pertenencia com\u00fan de sus pueblos, y de la convicci\u00f3n que tiene Damasco en la importancia de fortalecer las relaciones bilaterales entre los pa\u00edses \u00e1rabes por el &hellip;<\/p>\n","protected":false},"author":34,"featured_media":296947,"comment_status":"closed","ping_status":"closed","sticky":false,"template":"","format":"standard","meta":{"footnotes":""},"categories":[477,447,597,20724,476,467,583],"tags":[],"class_list":["post-296946","post","type-post","status-publish","format-standard","has-post-thumbnail","","category-noticias-edulcorantes","category-local-politica","category-cinta-de-noticias","category-minuto-a-minuto","category-locales","category-siria-y-el-mundo","category-slide"],"_links":{"self":[{"href":"https:\/\/archive.sana.sy\/es\/index.php?rest_route=\/wp\/v2\/posts\/296946"}],"collection":[{"href":"https:\/\/archive.sana.sy\/es\/index.php?rest_route=\/wp\/v2\/posts"}],"about":[{"href":"https:\/\/archive.sana.sy\/es\/index.php?rest_route=\/wp\/v2\/types\/post"}],"author":[{"embeddable":true,"href":"https:\/\/archive.sana.sy\/es\/index.php?rest_route=\/wp\/v2\/users\/34"}],"replies":[{"embeddable":true,"href":"https:\/\/archive.sana.sy\/es\/index.php?rest_route=%2Fwp%2Fv2%2Fcomments&post=296946"}],"version-history":[{"count":2,"href":"https:\/\/archive.sana.sy\/es\/index.php?rest_route=\/wp\/v2\/posts\/296946\/revisions"}],"predecessor-version":[{"id":296950,"href":"https:\/\/archive.sana.sy\/es\/index.php?rest_route=\/wp\/v2\/posts\/296946\/revisions\/296950"}],"wp:featuredmedia":[{"embeddable":true,"href":"https:\/\/archive.sana.sy\/es\/index.php?rest_route=\/wp\/v2\/media\/296947"}],"wp:attachment":[{"href":"https:\/\/archive.sana.sy\/es\/index.php?rest_route=%2Fwp%2Fv2%2Fmedia&parent=296946"}],"wp:term":[{"taxonomy":"category","embeddable":true,"href":"https:\/\/archive.sana.sy\/es\/index.php?rest_route=%2Fwp%2Fv2%2Fcategories&post=296946"},{"taxonomy":"post_tag","embeddable":true,"href":"https:\/\/archive.sana.sy\/es\/index.php?rest_route=%2Fwp%2Fv2%2Ftags&post=296946"}],"curies":[{"name":"wp","href":"https:\/\/api.w.org\/{rel}","templated":true}]}}