{"id":296955,"date":"2023-05-10T10:04:39","date_gmt":"2023-05-10T07:04:39","guid":{"rendered":"https:\/\/sana.sy\/es\/?p=296955"},"modified":"2024-07-15T20:54:34","modified_gmt":"2024-07-15T17:54:34","slug":"canciller-irani-siria-es-parte-esencial-de-la-region","status":"publish","type":"post","link":"https:\/\/archive.sana.sy\/es\/?p=296955","title":{"rendered":"Canciller iran\u00ed: Siria es parte esencial de la regi\u00f3n"},"content":{"rendered":"<blockquote>\n<p style=\"text-align: justify;\"><span style=\"color: #993300;\">&#8220;Se est\u00e1 trabajando para la soluci\u00f3n pol\u00edtica, la retirada de las fuerzas turcas y las fuerzas de ocupaci\u00f3n estadounidenses de las regiones del norte de Siria, y asegurar un regreso seguro de los refugiados sirios a sus \u00e1reas lo antes posible&#8221;<\/span><\/p>\n<\/blockquote>\n<p style=\"text-align: justify;\"><span style=\"color: #800000;\"><strong>Mosc\u00fa, 10 may (SANA)<\/strong> <\/span>El canciller iran\u00ed Hossein Amir Abdollahian, dijo hoy que el gobierno y el pueblo de Siria constituyen parte esencial e importante de la realidad de la regi\u00f3n.<\/p>\n<p style=\"text-align: justify;\">Esta declaraci\u00f3n de Abdollahian fue citado por la agencia de noticias IRNA, tras su llegada a Mosc\u00fa para participar en la reuni\u00f3n cuadrilateral con sus hom\u00f3logos de Rusia, Ir\u00e1n y Turqu\u00eda.<\/p>\n<p style=\"text-align: justify;\">&#8220;Esperamos que los pasos logrados hasta el momento y las reuniones celebradas antes en Mosc\u00fa a nivel de ministros de defensa y expertos de alto nivel han podido concentrarse en mensajes fuertes para la reuni\u00f3n de hoy&#8221;, dijo el jefe de la diplomacia.<\/p>\n<p style=\"text-align: justify;\">Agreg\u00f3 que &#8220;se est\u00e1 trabajando para la soluci\u00f3n pol\u00edtica, la retirada de las fuerzas turcas y las fuerzas de ocupaci\u00f3n estadounidenses de las regiones del norte de Siria, y asegurar un regreso seguro de los refugiados sirios a sus \u00e1reas lo antes posible&#8221;.<\/p>\n<p style=\"text-align: justify;\">fm\/as<\/p>\n","protected":false},"excerpt":{"rendered":"<p>&#8220;Se est\u00e1 trabajando para la soluci\u00f3n pol\u00edtica, la retirada de las fuerzas turcas y las fuerzas de ocupaci\u00f3n estadounidenses de las regiones del norte de Siria, y asegurar un regreso seguro de los refugiados sirios a sus \u00e1reas lo antes posible&#8221; Mosc\u00fa, 10 may (SANA) El canciller iran\u00ed Hossein Amir Abdollahian, dijo hoy que el &hellip;<\/p>\n","protected":false},"author":42,"featured_media":296956,"comment_status":"closed","ping_status":"closed","sticky":false,"template":"","format":"standard","meta":{"footnotes":""},"categories":[597,467,7541],"tags":[],"class_list":["post-296955","post","type-post","status-publish","format-standard","has-post-thumbnail","","category-cinta-de-noticias","category-siria-y-el-mundo","category-ultimas-noticias"],"_links":{"self":[{"href":"https:\/\/archive.sana.sy\/es\/index.php?rest_route=\/wp\/v2\/posts\/296955"}],"collection":[{"href":"https:\/\/archive.sana.sy\/es\/index.php?rest_route=\/wp\/v2\/posts"}],"about":[{"href":"https:\/\/archive.sana.sy\/es\/index.php?rest_route=\/wp\/v2\/types\/post"}],"author":[{"embeddable":true,"href":"https:\/\/archive.sana.sy\/es\/index.php?rest_route=\/wp\/v2\/users\/42"}],"replies":[{"embeddable":true,"href":"https:\/\/archive.sana.sy\/es\/index.php?rest_route=%2Fwp%2Fv2%2Fcomments&post=296955"}],"version-history":[{"count":1,"href":"https:\/\/archive.sana.sy\/es\/index.php?rest_route=\/wp\/v2\/posts\/296955\/revisions"}],"predecessor-version":[{"id":296957,"href":"https:\/\/archive.sana.sy\/es\/index.php?rest_route=\/wp\/v2\/posts\/296955\/revisions\/296957"}],"wp:featuredmedia":[{"embeddable":true,"href":"https:\/\/archive.sana.sy\/es\/index.php?rest_route=\/wp\/v2\/media\/296956"}],"wp:attachment":[{"href":"https:\/\/archive.sana.sy\/es\/index.php?rest_route=%2Fwp%2Fv2%2Fmedia&parent=296955"}],"wp:term":[{"taxonomy":"category","embeddable":true,"href":"https:\/\/archive.sana.sy\/es\/index.php?rest_route=%2Fwp%2Fv2%2Fcategories&post=296955"},{"taxonomy":"post_tag","embeddable":true,"href":"https:\/\/archive.sana.sy\/es\/index.php?rest_route=%2Fwp%2Fv2%2Ftags&post=296955"}],"curies":[{"name":"wp","href":"https:\/\/api.w.org\/{rel}","templated":true}]}}