{"id":296958,"date":"2023-05-10T10:10:43","date_gmt":"2023-05-10T07:10:43","guid":{"rendered":"http:\/\/sana.sy\/es\/?p=296958"},"modified":"2023-05-10T12:56:52","modified_gmt":"2023-05-10T09:56:52","slug":"canciller-sirio-se-reune-con-su-homologo-irani-en-moscu","status":"publish","type":"post","link":"https:\/\/archive.sana.sy\/es\/?p=296958","title":{"rendered":"Canciller sirio se re\u00fane con su hom\u00f3logo iran\u00ed en Mosc\u00fa"},"content":{"rendered":"<p style=\"text-align: justify;\"><strong><span style=\"color: #800000;\">Mosc\u00fa , 10 may (SANA)\u00a0<\/span><\/strong> La delegaci\u00f3n de la Rep\u00fablica \u00c1rabe Siria encabezada por el ministro de Asuntos Exteriores y Expatriados, Faisal Al-Mekdad, sostuvo hoy en MOsc\u00fa, la capital rusa, una reuni\u00f3n con la delegaci\u00f3n iran\u00ed encabezada por el ministro de Relaciones Exteriores, Hussein Amir Abdullahian.<\/p>\n<p style=\"text-align: justify;\">Este encuentro bilateral se efectu\u00f3 en el marco de la reuni\u00f3n cuadrilateral entre los cancilleres de Siria, Rusia, Ir\u00e1n y Turqu\u00eda.<\/p>\n<p style=\"text-align: justify;\">La v\u00edspera, Al-Mekdad lleg\u00f3 a Mosc\u00fa para reunirse con sus hom\u00f3logos de Rusia, Ir\u00e1n y Turqu\u00eda.<\/p>\n<p style=\"text-align: justify;\"><strong>M\u00e1s detalles en breve<\/strong><\/p>\n","protected":false},"excerpt":{"rendered":"<p>Mosc\u00fa , 10 may (SANA)\u00a0 La delegaci\u00f3n de la Rep\u00fablica \u00c1rabe Siria encabezada por el ministro de Asuntos Exteriores y Expatriados, Faisal Al-Mekdad, sostuvo hoy en MOsc\u00fa, la capital rusa, una reuni\u00f3n con la delegaci\u00f3n iran\u00ed encabezada por el ministro de Relaciones Exteriores, Hussein Amir Abdullahian. Este encuentro bilateral se efectu\u00f3 en el marco de &hellip;<\/p>\n","protected":false},"author":35,"featured_media":296959,"comment_status":"closed","ping_status":"closed","sticky":false,"template":"","format":"standard","meta":{"footnotes":""},"categories":[477,447,597,20724,467],"tags":[],"class_list":["post-296958","post","type-post","status-publish","format-standard","has-post-thumbnail","","category-noticias-edulcorantes","category-local-politica","category-cinta-de-noticias","category-minuto-a-minuto","category-siria-y-el-mundo"],"_links":{"self":[{"href":"https:\/\/archive.sana.sy\/es\/index.php?rest_route=\/wp\/v2\/posts\/296958"}],"collection":[{"href":"https:\/\/archive.sana.sy\/es\/index.php?rest_route=\/wp\/v2\/posts"}],"about":[{"href":"https:\/\/archive.sana.sy\/es\/index.php?rest_route=\/wp\/v2\/types\/post"}],"author":[{"embeddable":true,"href":"https:\/\/archive.sana.sy\/es\/index.php?rest_route=\/wp\/v2\/users\/35"}],"replies":[{"embeddable":true,"href":"https:\/\/archive.sana.sy\/es\/index.php?rest_route=%2Fwp%2Fv2%2Fcomments&post=296958"}],"version-history":[{"count":4,"href":"https:\/\/archive.sana.sy\/es\/index.php?rest_route=\/wp\/v2\/posts\/296958\/revisions"}],"predecessor-version":[{"id":296963,"href":"https:\/\/archive.sana.sy\/es\/index.php?rest_route=\/wp\/v2\/posts\/296958\/revisions\/296963"}],"wp:featuredmedia":[{"embeddable":true,"href":"https:\/\/archive.sana.sy\/es\/index.php?rest_route=\/wp\/v2\/media\/296959"}],"wp:attachment":[{"href":"https:\/\/archive.sana.sy\/es\/index.php?rest_route=%2Fwp%2Fv2%2Fmedia&parent=296958"}],"wp:term":[{"taxonomy":"category","embeddable":true,"href":"https:\/\/archive.sana.sy\/es\/index.php?rest_route=%2Fwp%2Fv2%2Fcategories&post=296958"},{"taxonomy":"post_tag","embeddable":true,"href":"https:\/\/archive.sana.sy\/es\/index.php?rest_route=%2Fwp%2Fv2%2Ftags&post=296958"}],"curies":[{"name":"wp","href":"https:\/\/api.w.org\/{rel}","templated":true}]}}