{"id":29697,"date":"2015-09-08T20:21:00","date_gmt":"2015-09-08T17:21:00","guid":{"rendered":"http:\/\/sana.sy\/es\/?p=29697"},"modified":"2015-09-08T20:21:00","modified_gmt":"2015-09-08T17:21:00","slug":"mueren-4-soldados-turcos-en-el-sureste-de-turquia","status":"publish","type":"post","link":"https:\/\/archive.sana.sy\/es\/?p=29697","title":{"rendered":"Mueren 4 soldados turcos en el sureste de Turqu\u00eda"},"content":{"rendered":"<p style=\"text-align: justify\"><span style=\"color: #800000\">Ankara, SANA<\/span>&#8211; Al menos cuatro soldados turcos han perdido la vida este martes en un ataque \u00a0de los milicianos \u00a0en la ciudad de Cizre, en el sureste de Turqu\u00eda.<\/p>\n<p style=\"text-align: justify\">Un grupo de hombres armados lanzaron un ataque con armas autom\u00e1ticas contra un veh\u00edculo de la polic\u00eda turca en la mencionada ciudad ocasionando la muerte a tres soldados, tal y como indican datos preliminares citados por los medios locales.<\/p>\n<p style=\"text-align: justify\">En el mismo contexto, otros 12 polic\u00edas turcos han perdido la vida este martes en un ataque con bomba contra el minib\u00fas en el que viajaban.<\/p>\n<p style=\"text-align: justify\">Seg\u00fan la agencia progubernamental turca Anatolia, el atentado que ha tenido lugar en la provincia de Igdir, en el este de Turqu\u00eda, ha sido realizado por los miembros del Partido de los Trabajadores de Kurdist\u00e1n.<\/p>\n<p>M.Miri<\/p>\n","protected":false},"excerpt":{"rendered":"<p>Ankara, SANA&#8211; Al menos cuatro soldados turcos han perdido la vida este martes en un ataque \u00a0de los milicianos \u00a0en la ciudad de Cizre, en el sureste de Turqu\u00eda. Un grupo de hombres armados lanzaron un ataque con armas autom\u00e1ticas contra un veh\u00edculo de la polic\u00eda turca en la mencionada ciudad ocasionando la muerte a &hellip;<\/p>\n","protected":false},"author":1,"featured_media":29698,"comment_status":"closed","ping_status":"closed","sticky":false,"template":"","format":"standard","meta":{"footnotes":""},"categories":[456,457,576],"tags":[6581],"class_list":["post-29697","post","type-post","status-publish","format-standard","has-post-thumbnail","","category-arabe-internacional-politica","category-noticias-arabe-internacional-politica","category-noticias-politicas","tag-mueren-4-soldados-turcos-en-el-sureste-de-turquia"],"_links":{"self":[{"href":"https:\/\/archive.sana.sy\/es\/index.php?rest_route=\/wp\/v2\/posts\/29697"}],"collection":[{"href":"https:\/\/archive.sana.sy\/es\/index.php?rest_route=\/wp\/v2\/posts"}],"about":[{"href":"https:\/\/archive.sana.sy\/es\/index.php?rest_route=\/wp\/v2\/types\/post"}],"author":[{"embeddable":true,"href":"https:\/\/archive.sana.sy\/es\/index.php?rest_route=\/wp\/v2\/users\/1"}],"replies":[{"embeddable":true,"href":"https:\/\/archive.sana.sy\/es\/index.php?rest_route=%2Fwp%2Fv2%2Fcomments&post=29697"}],"version-history":[{"count":0,"href":"https:\/\/archive.sana.sy\/es\/index.php?rest_route=\/wp\/v2\/posts\/29697\/revisions"}],"wp:featuredmedia":[{"embeddable":true,"href":"https:\/\/archive.sana.sy\/es\/index.php?rest_route=\/wp\/v2\/media\/29698"}],"wp:attachment":[{"href":"https:\/\/archive.sana.sy\/es\/index.php?rest_route=%2Fwp%2Fv2%2Fmedia&parent=29697"}],"wp:term":[{"taxonomy":"category","embeddable":true,"href":"https:\/\/archive.sana.sy\/es\/index.php?rest_route=%2Fwp%2Fv2%2Fcategories&post=29697"},{"taxonomy":"post_tag","embeddable":true,"href":"https:\/\/archive.sana.sy\/es\/index.php?rest_route=%2Fwp%2Fv2%2Ftags&post=29697"}],"curies":[{"name":"wp","href":"https:\/\/api.w.org\/{rel}","templated":true}]}}