{"id":296973,"date":"2023-05-10T11:17:17","date_gmt":"2023-05-10T08:17:17","guid":{"rendered":"https:\/\/sana.sy\/es\/?p=296973"},"modified":"2023-05-10T11:17:17","modified_gmt":"2023-05-10T08:17:17","slug":"explosion-de-un-vehiculo-en-damasco-hiere-a-un-oficial-y-cuatro-efectivos-de-policia-fotos","status":"publish","type":"post","link":"https:\/\/archive.sana.sy\/es\/?p=296973","title":{"rendered":"Explosi\u00f3n de un veh\u00edculo en Damasco hiere a un oficial y cuatro efectivos de polic\u00eda (+ fotos)"},"content":{"rendered":"<p style=\"text-align: justify;\"><span style=\"color: #800000;\"><strong>Damasco, 10 may (SANA)<\/strong><\/span> El Ministerio del Interior de Siria anunci\u00f3 hoy que un oficial y cuatro efectivos de polic\u00eda resultaron heridos por la explosi\u00f3n de un veh\u00edculo de polic\u00eda dentro de la Comisar\u00eda del barrio Barzeh\/Hamish de la capital Damasco.<\/p>\n<p style=\"text-align: justify;\">El Ministerio indic\u00f3 que los bomberos apagaron el incendio resultante de la explosi\u00f3n, y los heridos fueron ingresados en el hospital, mientras los efectivos de seguridad penal est\u00e1n trabajando para desvelar los detalles del incidente.<\/p>\n<div id='gallery-1' class='gallery galleryid-296973 gallery-columns-1 gallery-size-full'><figure class='gallery-item'>\n\t\t\t<div class='gallery-icon landscape'>\n\t\t\t\t<a href='https:\/\/archive.sana.sy\/es\/wp-content\/uploads\/2023\/05\/\u06243-12.jpg'><img loading=\"lazy\" decoding=\"async\" width=\"1024\" height=\"683\" src=\"https:\/\/archive.sana.sy\/es\/wp-content\/uploads\/2023\/05\/\u06243-12.jpg\" class=\"attachment-full size-full\" alt=\"\" srcset=\"https:\/\/archive.sana.sy\/es\/wp-content\/uploads\/2023\/05\/\u06243-12.jpg 1024w, https:\/\/archive.sana.sy\/es\/wp-content\/uploads\/2023\/05\/\u06243-12-300x200.jpg 300w, https:\/\/archive.sana.sy\/es\/wp-content\/uploads\/2023\/05\/\u06243-12-150x100.jpg 150w, https:\/\/archive.sana.sy\/es\/wp-content\/uploads\/2023\/05\/\u06243-12-768x512.jpg 768w\" sizes=\"(max-width: 1024px) 100vw, 1024px\" \/><\/a>\n\t\t\t<\/div><\/figure><figure class='gallery-item'>\n\t\t\t<div class='gallery-icon landscape'>\n\t\t\t\t<a href='https:\/\/archive.sana.sy\/es\/wp-content\/uploads\/2023\/05\/\u06241-3.jpg'><img loading=\"lazy\" decoding=\"async\" width=\"1024\" height=\"683\" src=\"https:\/\/archive.sana.sy\/es\/wp-content\/uploads\/2023\/05\/\u06241-3.jpg\" class=\"attachment-full size-full\" alt=\"\" srcset=\"https:\/\/archive.sana.sy\/es\/wp-content\/uploads\/2023\/05\/\u06241-3.jpg 1024w, https:\/\/archive.sana.sy\/es\/wp-content\/uploads\/2023\/05\/\u06241-3-300x200.jpg 300w, https:\/\/archive.sana.sy\/es\/wp-content\/uploads\/2023\/05\/\u06241-3-150x100.jpg 150w, https:\/\/archive.sana.sy\/es\/wp-content\/uploads\/2023\/05\/\u06241-3-768x512.jpg 768w\" sizes=\"(max-width: 1024px) 100vw, 1024px\" \/><\/a>\n\t\t\t<\/div><\/figure><figure class='gallery-item'>\n\t\t\t<div class='gallery-icon landscape'>\n\t\t\t\t<a href='https:\/\/archive.sana.sy\/es\/wp-content\/uploads\/2023\/05\/\u06242-3.jpg'><img loading=\"lazy\" decoding=\"async\" width=\"1024\" height=\"683\" src=\"https:\/\/archive.sana.sy\/es\/wp-content\/uploads\/2023\/05\/\u06242-3.jpg\" class=\"attachment-full size-full\" alt=\"\" srcset=\"https:\/\/archive.sana.sy\/es\/wp-content\/uploads\/2023\/05\/\u06242-3.jpg 1024w, https:\/\/archive.sana.sy\/es\/wp-content\/uploads\/2023\/05\/\u06242-3-300x200.jpg 300w, https:\/\/archive.sana.sy\/es\/wp-content\/uploads\/2023\/05\/\u06242-3-150x100.jpg 150w, https:\/\/archive.sana.sy\/es\/wp-content\/uploads\/2023\/05\/\u06242-3-768x512.jpg 768w\" sizes=\"(max-width: 1024px) 100vw, 1024px\" \/><\/a>\n\t\t\t<\/div><\/figure>\n\t\t<\/div>\n\n<p style=\"text-align: justify;\">fm\/as<\/p>\n","protected":false},"excerpt":{"rendered":"<p>Damasco, 10 may (SANA) El Ministerio del Interior de Siria anunci\u00f3 hoy que un oficial y cuatro efectivos de polic\u00eda resultaron heridos por la explosi\u00f3n de un veh\u00edculo de polic\u00eda dentro de la Comisar\u00eda del barrio Barzeh\/Hamish de la capital Damasco. El Ministerio indic\u00f3 que los bomberos apagaron el incendio resultante de la explosi\u00f3n, y &hellip;<\/p>\n","protected":false},"author":42,"featured_media":296974,"comment_status":"closed","ping_status":"closed","sticky":false,"template":"","format":"standard","meta":{"footnotes":""},"categories":[597,20724,476,16688,7541],"tags":[],"class_list":["post-296973","post","type-post","status-publish","format-standard","has-post-thumbnail","","category-cinta-de-noticias","category-minuto-a-minuto","category-locales","category-nacionales","category-ultimas-noticias"],"_links":{"self":[{"href":"https:\/\/archive.sana.sy\/es\/index.php?rest_route=\/wp\/v2\/posts\/296973"}],"collection":[{"href":"https:\/\/archive.sana.sy\/es\/index.php?rest_route=\/wp\/v2\/posts"}],"about":[{"href":"https:\/\/archive.sana.sy\/es\/index.php?rest_route=\/wp\/v2\/types\/post"}],"author":[{"embeddable":true,"href":"https:\/\/archive.sana.sy\/es\/index.php?rest_route=\/wp\/v2\/users\/42"}],"replies":[{"embeddable":true,"href":"https:\/\/archive.sana.sy\/es\/index.php?rest_route=%2Fwp%2Fv2%2Fcomments&post=296973"}],"version-history":[{"count":1,"href":"https:\/\/archive.sana.sy\/es\/index.php?rest_route=\/wp\/v2\/posts\/296973\/revisions"}],"predecessor-version":[{"id":296979,"href":"https:\/\/archive.sana.sy\/es\/index.php?rest_route=\/wp\/v2\/posts\/296973\/revisions\/296979"}],"wp:featuredmedia":[{"embeddable":true,"href":"https:\/\/archive.sana.sy\/es\/index.php?rest_route=\/wp\/v2\/media\/296974"}],"wp:attachment":[{"href":"https:\/\/archive.sana.sy\/es\/index.php?rest_route=%2Fwp%2Fv2%2Fmedia&parent=296973"}],"wp:term":[{"taxonomy":"category","embeddable":true,"href":"https:\/\/archive.sana.sy\/es\/index.php?rest_route=%2Fwp%2Fv2%2Fcategories&post=296973"},{"taxonomy":"post_tag","embeddable":true,"href":"https:\/\/archive.sana.sy\/es\/index.php?rest_route=%2Fwp%2Fv2%2Ftags&post=296973"}],"curies":[{"name":"wp","href":"https:\/\/api.w.org\/{rel}","templated":true}]}}