{"id":296997,"date":"2023-05-10T13:31:48","date_gmt":"2023-05-10T10:31:48","guid":{"rendered":"https:\/\/sana.sy\/es\/?p=296997"},"modified":"2023-05-10T13:31:48","modified_gmt":"2023-05-10T10:31:48","slug":"ultima-hora-el-canciller-al-mekdad-siria-y-turquia-comparten-largas-fronteras-y-objetivos-e-intereses-comunes-y-creemos-que-a-pesar-de-todos-los-aspectos-negativos-durante-los-ultimos-anos-exist","status":"publish","type":"post","link":"https:\/\/archive.sana.sy\/es\/?p=296997","title":{"rendered":"\u00daLTIMA HORA | El canciller Al-Mekdad: Siria y Turqu\u00eda comparten largas fronteras y objetivos e intereses comunes, y creemos que, a pesar de todos los aspectos negativos durante los \u00faltimos a\u00f1os, existe una oportunidad para que los dos pa\u00edses trabajen juntos con la ayuda y apoyo de los amigos rusos e iran\u00edes para lograr estos objetivos e intereses de una manera que beneficie a las aspiraciones de los pueblos de los dos pa\u00edses."},"content":{"rendered":"","protected":false},"excerpt":{"rendered":"","protected":false},"author":42,"featured_media":0,"comment_status":"closed","ping_status":"closed","sticky":false,"template":"","format":"standard","meta":{"footnotes":""},"categories":[20724,596],"tags":[],"class_list":["post-296997","post","type-post","status-publish","format-standard","","category-minuto-a-minuto","category-urgente"],"_links":{"self":[{"href":"https:\/\/archive.sana.sy\/es\/index.php?rest_route=\/wp\/v2\/posts\/296997"}],"collection":[{"href":"https:\/\/archive.sana.sy\/es\/index.php?rest_route=\/wp\/v2\/posts"}],"about":[{"href":"https:\/\/archive.sana.sy\/es\/index.php?rest_route=\/wp\/v2\/types\/post"}],"author":[{"embeddable":true,"href":"https:\/\/archive.sana.sy\/es\/index.php?rest_route=\/wp\/v2\/users\/42"}],"replies":[{"embeddable":true,"href":"https:\/\/archive.sana.sy\/es\/index.php?rest_route=%2Fwp%2Fv2%2Fcomments&post=296997"}],"version-history":[{"count":1,"href":"https:\/\/archive.sana.sy\/es\/index.php?rest_route=\/wp\/v2\/posts\/296997\/revisions"}],"predecessor-version":[{"id":296998,"href":"https:\/\/archive.sana.sy\/es\/index.php?rest_route=\/wp\/v2\/posts\/296997\/revisions\/296998"}],"wp:attachment":[{"href":"https:\/\/archive.sana.sy\/es\/index.php?rest_route=%2Fwp%2Fv2%2Fmedia&parent=296997"}],"wp:term":[{"taxonomy":"category","embeddable":true,"href":"https:\/\/archive.sana.sy\/es\/index.php?rest_route=%2Fwp%2Fv2%2Fcategories&post=296997"},{"taxonomy":"post_tag","embeddable":true,"href":"https:\/\/archive.sana.sy\/es\/index.php?rest_route=%2Fwp%2Fv2%2Ftags&post=296997"}],"curies":[{"name":"wp","href":"https:\/\/api.w.org\/{rel}","templated":true}]}}