{"id":297002,"date":"2023-05-10T18:15:42","date_gmt":"2023-05-10T15:15:42","guid":{"rendered":"https:\/\/sana.sy\/es\/?p=297002"},"modified":"2023-05-10T18:17:09","modified_gmt":"2023-05-10T15:17:09","slug":"presidente-al-assad-recibe-invitacion-para-asistir-a-la-proxima-cumbre-arabe-en-jedah","status":"publish","type":"post","link":"https:\/\/archive.sana.sy\/es\/?p=297002","title":{"rendered":"Presidente Al-Assad recibe invitaci\u00f3n para asistir a la pr\u00f3xima cumbre \u00e1rabe en Jedah"},"content":{"rendered":"<p style=\"text-align: justify\"><span style=\"color: #800000\"><strong>Damasco, 10 may (SANA)<\/strong> <\/span>El presidente Bashar Al-Assad, recibi\u00f3 una invitaci\u00f3n del Custodio de las Dos Mezquitas Sagradas, el Rey Salman bin Abdulaziz Al Saud, de Arabia Saudita, para participar en la 32\u00aa cumbre de la Liga \u00c1rabe que se celebrar\u00e1 en la ciudad de Jedah, el pr\u00f3ximo d\u00eda 19 de este mes.<\/p>\n<p style=\"text-align: justify\">La invitaci\u00f3n fue entregada al presidente por el embajador de Arabia Saudita en Jordania, Nayef Al-Sudairi.<\/p>\n<p style=\"text-align: justify\">El mandatario agradeci\u00f3 al rey saudita por la invitaci\u00f3n, y consider\u00f3 que la pr\u00f3xima cumbre \u00e1rabe en Arabia Saudita fortalecer\u00eda la acci\u00f3n \u00e1rabe conjunta y beneficiar\u00eda las aspiraciones de los pueblos \u00e1rabes.<\/p>\n<div id='gallery-1' class='gallery galleryid-297002 gallery-columns-1 gallery-size-full'><figure class='gallery-item'>\n\t\t\t<div class='gallery-icon portrait'>\n\t\t\t\t<a href='https:\/\/archive.sana.sy\/es\/wp-content\/uploads\/2023\/05\/\u062a\u062a\u062a.jpg'><img loading=\"lazy\" decoding=\"async\" width=\"1204\" height=\"1280\" src=\"https:\/\/archive.sana.sy\/es\/wp-content\/uploads\/2023\/05\/\u062a\u062a\u062a.jpg\" class=\"attachment-full size-full\" alt=\"\" srcset=\"https:\/\/archive.sana.sy\/es\/wp-content\/uploads\/2023\/05\/\u062a\u062a\u062a.jpg 1204w, https:\/\/archive.sana.sy\/es\/wp-content\/uploads\/2023\/05\/\u062a\u062a\u062a-282x300.jpg 282w, https:\/\/archive.sana.sy\/es\/wp-content\/uploads\/2023\/05\/\u062a\u062a\u062a-963x1024.jpg 963w, https:\/\/archive.sana.sy\/es\/wp-content\/uploads\/2023\/05\/\u062a\u062a\u062a-141x150.jpg 141w, https:\/\/archive.sana.sy\/es\/wp-content\/uploads\/2023\/05\/\u062a\u062a\u062a-768x816.jpg 768w\" sizes=\"(max-width: 1204px) 100vw, 1204px\" \/><\/a>\n\t\t\t<\/div><\/figure>\n\t\t<\/div>\n\n<p style=\"text-align: justify\">fm\/as<\/p>\n","protected":false},"excerpt":{"rendered":"<p>Damasco, 10 may (SANA) El presidente Bashar Al-Assad, recibi\u00f3 una invitaci\u00f3n del Custodio de las Dos Mezquitas Sagradas, el Rey Salman bin Abdulaziz Al Saud, de Arabia Saudita, para participar en la 32\u00aa cumbre de la Liga \u00c1rabe que se celebrar\u00e1 en la ciudad de Jedah, el pr\u00f3ximo d\u00eda 19 de este mes. La invitaci\u00f3n &hellip;<\/p>\n","protected":false},"author":42,"featured_media":297003,"comment_status":"closed","ping_status":"closed","sticky":false,"template":"","format":"standard","meta":{"footnotes":""},"categories":[597,20724,16237,467,583,626],"tags":[],"class_list":["post-297002","post","type-post","status-publish","format-standard","has-post-thumbnail","","category-cinta-de-noticias","category-minuto-a-minuto","category-presidence-de-la-republique-arabe-syria","category-siria-y-el-mundo","category-slide","category-sr-presidente"],"_links":{"self":[{"href":"https:\/\/archive.sana.sy\/es\/index.php?rest_route=\/wp\/v2\/posts\/297002"}],"collection":[{"href":"https:\/\/archive.sana.sy\/es\/index.php?rest_route=\/wp\/v2\/posts"}],"about":[{"href":"https:\/\/archive.sana.sy\/es\/index.php?rest_route=\/wp\/v2\/types\/post"}],"author":[{"embeddable":true,"href":"https:\/\/archive.sana.sy\/es\/index.php?rest_route=\/wp\/v2\/users\/42"}],"replies":[{"embeddable":true,"href":"https:\/\/archive.sana.sy\/es\/index.php?rest_route=%2Fwp%2Fv2%2Fcomments&post=297002"}],"version-history":[{"count":3,"href":"https:\/\/archive.sana.sy\/es\/index.php?rest_route=\/wp\/v2\/posts\/297002\/revisions"}],"predecessor-version":[{"id":297044,"href":"https:\/\/archive.sana.sy\/es\/index.php?rest_route=\/wp\/v2\/posts\/297002\/revisions\/297044"}],"wp:featuredmedia":[{"embeddable":true,"href":"https:\/\/archive.sana.sy\/es\/index.php?rest_route=\/wp\/v2\/media\/297003"}],"wp:attachment":[{"href":"https:\/\/archive.sana.sy\/es\/index.php?rest_route=%2Fwp%2Fv2%2Fmedia&parent=297002"}],"wp:term":[{"taxonomy":"category","embeddable":true,"href":"https:\/\/archive.sana.sy\/es\/index.php?rest_route=%2Fwp%2Fv2%2Fcategories&post=297002"},{"taxonomy":"post_tag","embeddable":true,"href":"https:\/\/archive.sana.sy\/es\/index.php?rest_route=%2Fwp%2Fv2%2Ftags&post=297002"}],"curies":[{"name":"wp","href":"https:\/\/api.w.org\/{rel}","templated":true}]}}