{"id":297030,"date":"2023-05-10T18:10:36","date_gmt":"2023-05-10T15:10:36","guid":{"rendered":"http:\/\/sana.sy\/es\/?p=297030"},"modified":"2023-05-11T11:34:19","modified_gmt":"2023-05-11T08:34:19","slug":"declaracion-final-de-la-reunion-de-los-cancilleres-de-siria-rusia-iran-y-turkiye","status":"publish","type":"post","link":"https:\/\/archive.sana.sy\/es\/?p=297030","title":{"rendered":"Declaraci\u00f3n de prensa emitida de la reuni\u00f3n de los cancilleres de Siria, Rusia, Ir\u00e1n y T\u00fcrkiye"},"content":{"rendered":"<p style=\"text-align: justify;\"><span style=\"color: #800000;\"><strong>Mosc\u00fa, 10 may (SANA)<\/strong> <\/span>La declaraci\u00f3n de prensa emitida de la reuni\u00f3n de los ministros de Relaciones Exteriores de Siria, Rusia, T\u00fcrkiye e Ir\u00e1n, realizada hoy en Mosc\u00fa, la capital rusa, destac\u00f3 la necesidad de conservar la soberan\u00eda e integridad territorial de Siria, y de continuar la lucha contra el terrorismo en todas sus formas y manifestaciones.<\/p>\n<p style=\"text-align: justify;\">El texto subray\u00f3 la relevancia de aumentar la ayuda internacional a Siria con miras a reconstruir el pa\u00eds y garantizar el regreso de los refugiados sirios a su patria.<\/p>\n<p style=\"text-align: justify;\">Inform\u00f3 que los cancilleres instruyeron a sus adjuntos preparar una hoja de ruta para promover las relaciones entre Ankara y Damasco.<\/p>\n<p style=\"text-align: justify;\">La nota de prensa se refiri\u00f3 a las discusiones constructivas y objetivas sobre la Resoluci\u00f3n del Consejo de Seguridad de la ONU No. 2254 y las declaraciones oficiales en el formato Astan\u00e1.<\/p>\n<p style=\"text-align: justify;\">Asimismo aludi\u00f3 al ambiente positivo y constructivo que prevaleci\u00f3 durante el intercambio de puntos de vista entre las bandas, y marc\u00f3 que estas \u00faltimas se pusieron de acuerdo sobre la importancia de continuar los contactos de alto nivel y las negociaciones a nivel cuatripartito durante el pr\u00f3ximo periodo.<\/p>\n<p style=\"text-align: justify;\">La declaraci\u00f3n se refiri\u00f3 al clima positivo y constructivo para el intercambio de puntos de vista entre los ministros durante la reuni\u00f3n y el acuerdo de continuar los contactos de alto nivel y las conversaciones t\u00e9cnicas en el pr\u00f3ximo per\u00edodo.<\/p>\n<p style=\"text-align: justify;\">\n<p style=\"text-align: justify;\">la\/fm<\/p>\n","protected":false},"excerpt":{"rendered":"<p>Mosc\u00fa, 10 may (SANA) La declaraci\u00f3n de prensa emitida de la reuni\u00f3n de los ministros de Relaciones Exteriores de Siria, Rusia, T\u00fcrkiye e Ir\u00e1n, realizada hoy en Mosc\u00fa, la capital rusa, destac\u00f3 la necesidad de conservar la soberan\u00eda e integridad territorial de Siria, y de continuar la lucha contra el terrorismo en todas sus formas &hellip;<\/p>\n","protected":false},"author":24,"featured_media":297031,"comment_status":"closed","ping_status":"closed","sticky":false,"template":"","format":"standard","meta":{"footnotes":""},"categories":[447,597,20724,467,583],"tags":[2866,22061,6695,6553,22060],"class_list":["post-297030","post","type-post","status-publish","format-standard","has-post-thumbnail","","category-local-politica","category-cinta-de-noticias","category-minuto-a-minuto","category-siria-y-el-mundo","category-slide","tag-iran","tag-reunion-de-cancilleres","tag-rusia","tag-siria","tag-turkiye"],"_links":{"self":[{"href":"https:\/\/archive.sana.sy\/es\/index.php?rest_route=\/wp\/v2\/posts\/297030"}],"collection":[{"href":"https:\/\/archive.sana.sy\/es\/index.php?rest_route=\/wp\/v2\/posts"}],"about":[{"href":"https:\/\/archive.sana.sy\/es\/index.php?rest_route=\/wp\/v2\/types\/post"}],"author":[{"embeddable":true,"href":"https:\/\/archive.sana.sy\/es\/index.php?rest_route=\/wp\/v2\/users\/24"}],"replies":[{"embeddable":true,"href":"https:\/\/archive.sana.sy\/es\/index.php?rest_route=%2Fwp%2Fv2%2Fcomments&post=297030"}],"version-history":[{"count":11,"href":"https:\/\/archive.sana.sy\/es\/index.php?rest_route=\/wp\/v2\/posts\/297030\/revisions"}],"predecessor-version":[{"id":297125,"href":"https:\/\/archive.sana.sy\/es\/index.php?rest_route=\/wp\/v2\/posts\/297030\/revisions\/297125"}],"wp:featuredmedia":[{"embeddable":true,"href":"https:\/\/archive.sana.sy\/es\/index.php?rest_route=\/wp\/v2\/media\/297031"}],"wp:attachment":[{"href":"https:\/\/archive.sana.sy\/es\/index.php?rest_route=%2Fwp%2Fv2%2Fmedia&parent=297030"}],"wp:term":[{"taxonomy":"category","embeddable":true,"href":"https:\/\/archive.sana.sy\/es\/index.php?rest_route=%2Fwp%2Fv2%2Fcategories&post=297030"},{"taxonomy":"post_tag","embeddable":true,"href":"https:\/\/archive.sana.sy\/es\/index.php?rest_route=%2Fwp%2Fv2%2Ftags&post=297030"}],"curies":[{"name":"wp","href":"https:\/\/api.w.org\/{rel}","templated":true}]}}