{"id":297064,"date":"2023-05-10T19:48:06","date_gmt":"2023-05-10T16:48:06","guid":{"rendered":"http:\/\/sana.sy\/es\/?p=297064"},"modified":"2023-05-10T19:53:42","modified_gmt":"2023-05-10T16:53:42","slug":"presidente-del-parlamento-arabe-saluda-reanudacion-de-la-participacion-de-siria-en-la-liga-arabe","status":"publish","type":"post","link":"https:\/\/archive.sana.sy\/es\/?p=297064","title":{"rendered":"Presidente del Parlamento \u00c1rabe saluda reanudaci\u00f3n de la participaci\u00f3n de Siria en la Liga \u00c1rabe"},"content":{"rendered":"<blockquote>\n<p style=\"text-align: justify\"><span style=\"color: #993300\">Durante una llamada telef\u00f3nica con el Presidente de la Asamblea del Pueblo sirio, el Presidente del Parlamento \u00c1rabe reiter\u00f3 el total apoyo al retorno de Siria a la Liga \u00c1rabe<\/span><\/p>\n<\/blockquote>\n<p style=\"text-align: justify\"><span style=\"color: #800000\"><strong>Damasco, 10 may (SANA)<\/strong><\/span> El presidente de la Asamblea del Pueblo, Hamouda Sabbagh, recibi\u00f3 este mi\u00e9rcoles una llamada telef\u00f3nica de Adel Abdel Rahman al-Assoumi, presidente del Parlamento \u00c1rabe.<\/p>\n<p style=\"text-align: justify\">Durante la conversaci\u00f3n telef\u00f3nica, al-Assoumi reiter\u00f3 el apoyo del Parlamento \u00c1rabe a la reciente posici\u00f3n \u00e1rabe oficial, y salud\u00f3 la decisi\u00f3n de reanudar la participaci\u00f3n de las delegaciones de la Rep\u00fablica \u00c1rabe Siria en las reuniones de la Asamblea de la Liga \u00c1rabe, y todas sus organizaciones y organismos.<\/p>\n<p style=\"text-align: justify\">El Parlamento \u00e1rabe hab\u00eda publicado en su p\u00e1gina web un comunicado en el que acogi\u00f3 con benepl\u00e1cito la decisi\u00f3n de los ministros de Relaciones Exteriores \u00e1rabes de reactivar la membres\u00eda de Siria en la alianza \u00e1rabe.<\/p>\n<p style=\"text-align: justify\">El Parlamento aclar\u00f3 que esta decisi\u00f3n servir\u00e1 los intereses \u00e1rabes comunes y las relaciones fraternales que unen a todos los pueblos \u00e1rabes, as\u00ed como contribuir\u00e1 a fortalecer la integridad territorial de Siria y preservar su seguridad regional.<\/p>\n<p style=\"text-align: justify\">la<\/p>\n","protected":false},"excerpt":{"rendered":"<p>Durante una llamada telef\u00f3nica con el Presidente de la Asamblea del Pueblo sirio, el Presidente del Parlamento \u00c1rabe reiter\u00f3 el total apoyo al retorno de Siria a la Liga \u00c1rabe Damasco, 10 may (SANA) El presidente de la Asamblea del Pueblo, Hamouda Sabbagh, recibi\u00f3 este mi\u00e9rcoles una llamada telef\u00f3nica de Adel Abdel Rahman al-Assoumi, presidente &hellip;<\/p>\n","protected":false},"author":24,"featured_media":259355,"comment_status":"closed","ping_status":"closed","sticky":false,"template":"","format":"standard","meta":{"footnotes":""},"categories":[447,597,20724,476,448,7541],"tags":[22027,22063,6553],"class_list":["post-297064","post","type-post","status-publish","format-standard","has-post-thumbnail","","category-local-politica","category-cinta-de-noticias","category-minuto-a-minuto","category-locales","category-noticias","category-ultimas-noticias","tag-liga-arabe","tag-parlamento-arabe","tag-siria"],"_links":{"self":[{"href":"https:\/\/archive.sana.sy\/es\/index.php?rest_route=\/wp\/v2\/posts\/297064"}],"collection":[{"href":"https:\/\/archive.sana.sy\/es\/index.php?rest_route=\/wp\/v2\/posts"}],"about":[{"href":"https:\/\/archive.sana.sy\/es\/index.php?rest_route=\/wp\/v2\/types\/post"}],"author":[{"embeddable":true,"href":"https:\/\/archive.sana.sy\/es\/index.php?rest_route=\/wp\/v2\/users\/24"}],"replies":[{"embeddable":true,"href":"https:\/\/archive.sana.sy\/es\/index.php?rest_route=%2Fwp%2Fv2%2Fcomments&post=297064"}],"version-history":[{"count":6,"href":"https:\/\/archive.sana.sy\/es\/index.php?rest_route=\/wp\/v2\/posts\/297064\/revisions"}],"predecessor-version":[{"id":297070,"href":"https:\/\/archive.sana.sy\/es\/index.php?rest_route=\/wp\/v2\/posts\/297064\/revisions\/297070"}],"wp:featuredmedia":[{"embeddable":true,"href":"https:\/\/archive.sana.sy\/es\/index.php?rest_route=\/wp\/v2\/media\/259355"}],"wp:attachment":[{"href":"https:\/\/archive.sana.sy\/es\/index.php?rest_route=%2Fwp%2Fv2%2Fmedia&parent=297064"}],"wp:term":[{"taxonomy":"category","embeddable":true,"href":"https:\/\/archive.sana.sy\/es\/index.php?rest_route=%2Fwp%2Fv2%2Fcategories&post=297064"},{"taxonomy":"post_tag","embeddable":true,"href":"https:\/\/archive.sana.sy\/es\/index.php?rest_route=%2Fwp%2Fv2%2Ftags&post=297064"}],"curies":[{"name":"wp","href":"https:\/\/api.w.org\/{rel}","templated":true}]}}