{"id":297071,"date":"2023-05-10T20:14:07","date_gmt":"2023-05-10T17:14:07","guid":{"rendered":"http:\/\/sana.sy\/es\/?p=297071"},"modified":"2023-05-10T20:14:07","modified_gmt":"2023-05-10T17:14:07","slug":"moscu-apertura-de-una-oficina-de-la-otan-en-japon-contribuira-a-militarizar-asia-pacifico","status":"publish","type":"post","link":"https:\/\/archive.sana.sy\/es\/?p=297071","title":{"rendered":"Mosc\u00fa: Apertura de una oficina de la OTAN en Jap\u00f3n contribuir\u00e1 a militarizar Asia Pac\u00edfico"},"content":{"rendered":"<p style=\"text-align: justify\"><span style=\"color: #800000\"><strong>Mosc\u00fa, 10 may (SANA)<\/strong><\/span> La portavoz de la Canciller\u00eda rusa, Mar\u00eda Zaj\u00e1rova, advirti\u00f3 sobre intentos de la OTAN de inventar bases en Asia Pac\u00edfico (APAC) a trav\u00e9s de abrir una representaci\u00f3n en Jap\u00f3n.<\/p>\n<p style=\"text-align: justify\">&#8220;La intenci\u00f3n de la OTAN de abrir una oficina en la capital japonesa es otra prueba m\u00e1s [&#8230;] de las ambiciones globales de la alianza y sus planes de atrincherarse seriamente en Asia Pac\u00edfico\u201d, se\u00f1al\u00f3 en su sesi\u00f3n informativa de este mi\u00e9rcoles.<\/p>\n<p style=\"text-align: justify\">&#8220;Estamos convencidos de que el avance de la OTAN en Asia conducir\u00e1 a la militarizaci\u00f3n de esta regi\u00f3n y a aumentar el enfrentamiento entre los pa\u00edses&#8221;, alert\u00f3.<\/p>\n<p style=\"text-align: justify\">Anteriormente, el peri\u00f3dico Nikkei inform\u00f3 sobre negociaciones entre la OTAN y Jap\u00f3n acerca de la apertura de una oficina de la alianza en Tokio.<\/p>\n<p style=\"text-align: justify\">\n<p style=\"text-align: justify\">la<\/p>\n","protected":false},"excerpt":{"rendered":"<p>Mosc\u00fa, 10 may (SANA) La portavoz de la Canciller\u00eda rusa, Mar\u00eda Zaj\u00e1rova, advirti\u00f3 sobre intentos de la OTAN de inventar bases en Asia Pac\u00edfico (APAC) a trav\u00e9s de abrir una representaci\u00f3n en Jap\u00f3n. &#8220;La intenci\u00f3n de la OTAN de abrir una oficina en la capital japonesa es otra prueba m\u00e1s [&#8230;] de las ambiciones globales &hellip;<\/p>\n","protected":false},"author":24,"featured_media":297072,"comment_status":"closed","ping_status":"closed","sticky":false,"template":"","format":"standard","meta":{"footnotes":""},"categories":[597,456,16687,20724,7541],"tags":[21493,7016,19811],"class_list":["post-297071","post","type-post","status-publish","format-standard","has-post-thumbnail","","category-cinta-de-noticias","category-arabe-internacional-politica","category-internacionales","category-minuto-a-minuto","category-ultimas-noticias","tag-japon","tag-moscu","tag-otan"],"_links":{"self":[{"href":"https:\/\/archive.sana.sy\/es\/index.php?rest_route=\/wp\/v2\/posts\/297071"}],"collection":[{"href":"https:\/\/archive.sana.sy\/es\/index.php?rest_route=\/wp\/v2\/posts"}],"about":[{"href":"https:\/\/archive.sana.sy\/es\/index.php?rest_route=\/wp\/v2\/types\/post"}],"author":[{"embeddable":true,"href":"https:\/\/archive.sana.sy\/es\/index.php?rest_route=\/wp\/v2\/users\/24"}],"replies":[{"embeddable":true,"href":"https:\/\/archive.sana.sy\/es\/index.php?rest_route=%2Fwp%2Fv2%2Fcomments&post=297071"}],"version-history":[{"count":1,"href":"https:\/\/archive.sana.sy\/es\/index.php?rest_route=\/wp\/v2\/posts\/297071\/revisions"}],"predecessor-version":[{"id":297073,"href":"https:\/\/archive.sana.sy\/es\/index.php?rest_route=\/wp\/v2\/posts\/297071\/revisions\/297073"}],"wp:featuredmedia":[{"embeddable":true,"href":"https:\/\/archive.sana.sy\/es\/index.php?rest_route=\/wp\/v2\/media\/297072"}],"wp:attachment":[{"href":"https:\/\/archive.sana.sy\/es\/index.php?rest_route=%2Fwp%2Fv2%2Fmedia&parent=297071"}],"wp:term":[{"taxonomy":"category","embeddable":true,"href":"https:\/\/archive.sana.sy\/es\/index.php?rest_route=%2Fwp%2Fv2%2Fcategories&post=297071"},{"taxonomy":"post_tag","embeddable":true,"href":"https:\/\/archive.sana.sy\/es\/index.php?rest_route=%2Fwp%2Fv2%2Ftags&post=297071"}],"curies":[{"name":"wp","href":"https:\/\/api.w.org\/{rel}","templated":true}]}}