{"id":297136,"date":"2023-05-11T13:07:58","date_gmt":"2023-05-11T10:07:58","guid":{"rendered":"http:\/\/sana.sy\/es\/?p=297136"},"modified":"2023-05-11T13:07:58","modified_gmt":"2023-05-11T10:07:58","slug":"kiev-entreno-a-extremistas-en-un-centro-juvenil-cerca-de-volnovakha","status":"publish","type":"post","link":"https:\/\/archive.sana.sy\/es\/?p=297136","title":{"rendered":"Kiev entren\u00f3 a extremistas en un centro juvenil cerca de Volnovakha"},"content":{"rendered":"<p style=\"text-align: justify;\"><span style=\"color: #800000;\"><strong>Mosc\u00fa, 11 may (SANA)\u00a0<\/strong><\/span> La Rep\u00fablica Popular de Donetsk anunci\u00f3 que el r\u00e9gimen ucraniano entren\u00f3 a extremistas y grupos radicales para participar en actividades terroristas, en un centro juvenil cerca de Volnovakha.<\/p>\n<p style=\"text-align: justify;\">&#8220;Hab\u00eda un centro juvenil en el pueblo de Volnovakha antes del inicio de la operaci\u00f3n militar especial, que se dedicaba a formar a ni\u00f1os y j\u00f3venes con la ideolog\u00eda ultranacionalista y la formaci\u00f3n de puntos de vista radicales&#8221;, divulg\u00f3 la agencia TASS, citando a los servicios especiales de la Rep\u00fablica Popular de Donetsk (DPR).<\/p>\n<p style=\"text-align: justify;\">Algunos estudiantes del centro, de entre 15 y 18 a\u00f1os, participaban activamente en actividades pr\u00e1cticas, incluida la fabricaci\u00f3n de explosivos\u201d, dijo una fuente.<\/p>\n<p style=\"text-align: justify;\">ed\/fm<\/p>\n","protected":false},"excerpt":{"rendered":"<p>Mosc\u00fa, 11 may (SANA)\u00a0 La Rep\u00fablica Popular de Donetsk anunci\u00f3 que el r\u00e9gimen ucraniano entren\u00f3 a extremistas y grupos radicales para participar en actividades terroristas, en un centro juvenil cerca de Volnovakha. &#8220;Hab\u00eda un centro juvenil en el pueblo de Volnovakha antes del inicio de la operaci\u00f3n militar especial, que se dedicaba a formar a &hellip;<\/p>\n","protected":false},"author":32,"featured_media":297137,"comment_status":"closed","ping_status":"closed","sticky":false,"template":"","format":"standard","meta":{"footnotes":""},"categories":[597,456,16687,7541],"tags":[],"class_list":["post-297136","post","type-post","status-publish","format-standard","has-post-thumbnail","","category-cinta-de-noticias","category-arabe-internacional-politica","category-internacionales","category-ultimas-noticias"],"_links":{"self":[{"href":"https:\/\/archive.sana.sy\/es\/index.php?rest_route=\/wp\/v2\/posts\/297136"}],"collection":[{"href":"https:\/\/archive.sana.sy\/es\/index.php?rest_route=\/wp\/v2\/posts"}],"about":[{"href":"https:\/\/archive.sana.sy\/es\/index.php?rest_route=\/wp\/v2\/types\/post"}],"author":[{"embeddable":true,"href":"https:\/\/archive.sana.sy\/es\/index.php?rest_route=\/wp\/v2\/users\/32"}],"replies":[{"embeddable":true,"href":"https:\/\/archive.sana.sy\/es\/index.php?rest_route=%2Fwp%2Fv2%2Fcomments&post=297136"}],"version-history":[{"count":1,"href":"https:\/\/archive.sana.sy\/es\/index.php?rest_route=\/wp\/v2\/posts\/297136\/revisions"}],"predecessor-version":[{"id":297138,"href":"https:\/\/archive.sana.sy\/es\/index.php?rest_route=\/wp\/v2\/posts\/297136\/revisions\/297138"}],"wp:featuredmedia":[{"embeddable":true,"href":"https:\/\/archive.sana.sy\/es\/index.php?rest_route=\/wp\/v2\/media\/297137"}],"wp:attachment":[{"href":"https:\/\/archive.sana.sy\/es\/index.php?rest_route=%2Fwp%2Fv2%2Fmedia&parent=297136"}],"wp:term":[{"taxonomy":"category","embeddable":true,"href":"https:\/\/archive.sana.sy\/es\/index.php?rest_route=%2Fwp%2Fv2%2Fcategories&post=297136"},{"taxonomy":"post_tag","embeddable":true,"href":"https:\/\/archive.sana.sy\/es\/index.php?rest_route=%2Fwp%2Fv2%2Ftags&post=297136"}],"curies":[{"name":"wp","href":"https:\/\/api.w.org\/{rel}","templated":true}]}}