{"id":297192,"date":"2023-05-11T14:04:04","date_gmt":"2023-05-11T11:04:04","guid":{"rendered":"http:\/\/sana.sy\/es\/?p=297192"},"modified":"2023-05-11T19:07:10","modified_gmt":"2023-05-11T16:07:10","slug":"siria-y-jordania-analizan-formas-para-mejorar-la-cooperacion-parlamentaria","status":"publish","type":"post","link":"https:\/\/archive.sana.sy\/es\/?p=297192","title":{"rendered":"Siria y Jordania analizan formas para mejorar la cooperaci\u00f3n parlamentaria"},"content":{"rendered":"<p style=\"text-align: justify;\"><span style=\"color: #800000;\"><strong>Am\u00e1n, 11 may (SANA)\u00a0<\/strong><\/span> El encargado de negocios de la Embajada de Siria en Am\u00e1n, el embajador, Issam Niyal, analiz\u00f3 con el presidente del parlamento jordano, Ahmed Safadi, formas para mejorar la cooperaci\u00f3n parlamentaria entre los dos pa\u00edses, adem\u00e1s de otros temas de inter\u00e9s com\u00fan.<\/p>\n<p style=\"text-align: justify;\">La reuni\u00f3n, que tuvo lugar hoy en la oficina del presidente del Parlamento jordano, abord\u00f3 el papel \u00e1rabe en la resoluci\u00f3n de la crisis en Siria sobre la base de preservar su unidad, estabilidad e integridad territorial.<\/p>\n<p style=\"text-align: justify;\">\u00a0\u201cJordania y Siria tienen relaciones hist\u00f3ricas, y es nuestro deber en los parlamentos de los dos pa\u00edses trabajar para superar los obst\u00e1culos para recuperar las relaciones a su \u00e9poca anterior a fin de servir a los intereses de nuestros dos pueblos hermanos\u201d, dijo el Titular jordano.<\/p>\n<p style=\"text-align: justify;\">Por su parte, el diplom\u00e1tico sirio elogi\u00f3 el gran papel de Jordania en el retorno de Siria a la Liga \u00c1rabe, y tambi\u00e9n expres\u00f3 su agradecimiento y aprecio por las posiciones jordanas hacia Siria, destacando la importancia de mejorar y desarrollar perspectivas para la coordinaci\u00f3n parlamentaria conjunta y el intercambio de visitas de delegaciones parlamentarias entre ambas naciones.<\/p>\n<p style=\"text-align: justify;\">sm<\/p>\n","protected":false},"excerpt":{"rendered":"<p>Am\u00e1n, 11 may (SANA)\u00a0 El encargado de negocios de la Embajada de Siria en Am\u00e1n, el embajador, Issam Niyal, analiz\u00f3 con el presidente del parlamento jordano, Ahmed Safadi, formas para mejorar la cooperaci\u00f3n parlamentaria entre los dos pa\u00edses, adem\u00e1s de otros temas de inter\u00e9s com\u00fan. La reuni\u00f3n, que tuvo lugar hoy en la oficina del &hellip;<\/p>\n","protected":false},"author":39,"featured_media":297193,"comment_status":"closed","ping_status":"closed","sticky":false,"template":"","format":"standard","meta":{"footnotes":""},"categories":[597,20724,467,7541],"tags":[22068,8781,6553],"class_list":["post-297192","post","type-post","status-publish","format-standard","has-post-thumbnail","","category-cinta-de-noticias","category-minuto-a-minuto","category-siria-y-el-mundo","category-ultimas-noticias","tag-cooperacion-parlamentaria","tag-jordania","tag-siria"],"_links":{"self":[{"href":"https:\/\/archive.sana.sy\/es\/index.php?rest_route=\/wp\/v2\/posts\/297192"}],"collection":[{"href":"https:\/\/archive.sana.sy\/es\/index.php?rest_route=\/wp\/v2\/posts"}],"about":[{"href":"https:\/\/archive.sana.sy\/es\/index.php?rest_route=\/wp\/v2\/types\/post"}],"author":[{"embeddable":true,"href":"https:\/\/archive.sana.sy\/es\/index.php?rest_route=\/wp\/v2\/users\/39"}],"replies":[{"embeddable":true,"href":"https:\/\/archive.sana.sy\/es\/index.php?rest_route=%2Fwp%2Fv2%2Fcomments&post=297192"}],"version-history":[{"count":2,"href":"https:\/\/archive.sana.sy\/es\/index.php?rest_route=\/wp\/v2\/posts\/297192\/revisions"}],"predecessor-version":[{"id":297195,"href":"https:\/\/archive.sana.sy\/es\/index.php?rest_route=\/wp\/v2\/posts\/297192\/revisions\/297195"}],"wp:featuredmedia":[{"embeddable":true,"href":"https:\/\/archive.sana.sy\/es\/index.php?rest_route=\/wp\/v2\/media\/297193"}],"wp:attachment":[{"href":"https:\/\/archive.sana.sy\/es\/index.php?rest_route=%2Fwp%2Fv2%2Fmedia&parent=297192"}],"wp:term":[{"taxonomy":"category","embeddable":true,"href":"https:\/\/archive.sana.sy\/es\/index.php?rest_route=%2Fwp%2Fv2%2Fcategories&post=297192"},{"taxonomy":"post_tag","embeddable":true,"href":"https:\/\/archive.sana.sy\/es\/index.php?rest_route=%2Fwp%2Fv2%2Ftags&post=297192"}],"curies":[{"name":"wp","href":"https:\/\/api.w.org\/{rel}","templated":true}]}}