{"id":297276,"date":"2023-05-12T15:11:16","date_gmt":"2023-05-12T12:11:16","guid":{"rendered":"http:\/\/sana.sy\/es\/?p=297276"},"modified":"2023-05-12T15:11:16","modified_gmt":"2023-05-12T12:11:16","slug":"flota-del-mar-negro-se-refuerza-con-tres-nuevos-barcos-lanzamisiles","status":"publish","type":"post","link":"https:\/\/archive.sana.sy\/es\/?p=297276","title":{"rendered":"Flota del Mar Negro se refuerza con tres nuevos barcos lanzamisiles"},"content":{"rendered":"<blockquote>\n<p style=\"text-align: justify;\"><span style=\"color: #993300;\"><em>La flota del Mar Negro atac\u00f3, con sistemas de misiles Calibre, m\u00e1s de 180 objetivos de las fuerzas ucranianas, incluidas las estaciones de radar de defensa a\u00e9rea, puntos de despliegue temporal de unidades de las Fuerzas Armadas de Ucrania y dep\u00f3sitos de armas, entre otros.<\/em><\/span><\/p>\n<\/blockquote>\n<p style=\"text-align: justify;\"><span style=\"color: #800000;\"><strong>Mosc\u00fa, 12 may (SANA)\u00a0 <\/strong><\/span>El subjefe de la Flota Rusa del Mar Negro, el almirante Viktor Sokolov, anunci\u00f3 planes para reforzar el poder b\u00e9lico de la flota del Mar Negro con tres barcos equipados con misiles de largo alcance.<\/p>\n<p style=\"text-align: justify;\">Seg\u00fan difundi\u00f3 Sputnik, los tres barcos \u201cKarakurt\u201d estar\u00e1n armados con misiles \u201cCalibre\u201d de alta precisi\u00f3n y largo alcance.<\/p>\n<p style=\"text-align: justify;\">El militar ruso se\u00f1al\u00f3 que desde el comienzo de la operaci\u00f3n militar especial en Ucrania, la flota del Mar Negro atac\u00f3, con sistemas de misiles Calibre, m\u00e1s de 180 objetivos de las fuerzas ucranianas, incluidas las estaciones de radar de defensa a\u00e9rea, puntos de despliegue temporal de unidades de las Fuerzas Armadas de Ucrania y dep\u00f3sitos de armas, entre otros.<\/p>\n<p style=\"text-align: justify;\">Agreg\u00f3 que la mencionada flota garantiza la seguridad de Rusia en el sur de del pa\u00eds. La misma incluye decenas de barcos de ataque y submarinos de \u00faltima generaci\u00f3n, equipados con las \u00faltimas armas de misiles, que permiten a los marineros resolver cualquier problema en zonas remotas del mar y del oc\u00e9ano.<\/p>\n<p>sm\/fm<\/p>\n","protected":false},"excerpt":{"rendered":"<p>La flota del Mar Negro atac\u00f3, con sistemas de misiles Calibre, m\u00e1s de 180 objetivos de las fuerzas ucranianas, incluidas las estaciones de radar de defensa a\u00e9rea, puntos de despliegue temporal de unidades de las Fuerzas Armadas de Ucrania y dep\u00f3sitos de armas, entre otros. Mosc\u00fa, 12 may (SANA)\u00a0 El subjefe de la Flota Rusa &hellip;<\/p>\n","protected":false},"author":39,"featured_media":297277,"comment_status":"closed","ping_status":"closed","sticky":false,"template":"","format":"standard","meta":{"footnotes":""},"categories":[597,456,16687,20724,7541],"tags":[22069,21372],"class_list":["post-297276","post","type-post","status-publish","format-standard","has-post-thumbnail","","category-cinta-de-noticias","category-arabe-internacional-politica","category-internacionales","category-minuto-a-minuto","category-ultimas-noticias","tag-barcos-lanzamisiles","tag-flota-del-mar-negro"],"_links":{"self":[{"href":"https:\/\/archive.sana.sy\/es\/index.php?rest_route=\/wp\/v2\/posts\/297276"}],"collection":[{"href":"https:\/\/archive.sana.sy\/es\/index.php?rest_route=\/wp\/v2\/posts"}],"about":[{"href":"https:\/\/archive.sana.sy\/es\/index.php?rest_route=\/wp\/v2\/types\/post"}],"author":[{"embeddable":true,"href":"https:\/\/archive.sana.sy\/es\/index.php?rest_route=\/wp\/v2\/users\/39"}],"replies":[{"embeddable":true,"href":"https:\/\/archive.sana.sy\/es\/index.php?rest_route=%2Fwp%2Fv2%2Fcomments&post=297276"}],"version-history":[{"count":1,"href":"https:\/\/archive.sana.sy\/es\/index.php?rest_route=\/wp\/v2\/posts\/297276\/revisions"}],"predecessor-version":[{"id":297278,"href":"https:\/\/archive.sana.sy\/es\/index.php?rest_route=\/wp\/v2\/posts\/297276\/revisions\/297278"}],"wp:featuredmedia":[{"embeddable":true,"href":"https:\/\/archive.sana.sy\/es\/index.php?rest_route=\/wp\/v2\/media\/297277"}],"wp:attachment":[{"href":"https:\/\/archive.sana.sy\/es\/index.php?rest_route=%2Fwp%2Fv2%2Fmedia&parent=297276"}],"wp:term":[{"taxonomy":"category","embeddable":true,"href":"https:\/\/archive.sana.sy\/es\/index.php?rest_route=%2Fwp%2Fv2%2Fcategories&post=297276"},{"taxonomy":"post_tag","embeddable":true,"href":"https:\/\/archive.sana.sy\/es\/index.php?rest_route=%2Fwp%2Fv2%2Ftags&post=297276"}],"curies":[{"name":"wp","href":"https:\/\/api.w.org\/{rel}","templated":true}]}}