{"id":297280,"date":"2023-05-12T16:33:26","date_gmt":"2023-05-12T13:33:26","guid":{"rendered":"http:\/\/sana.sy\/es\/?p=297280"},"modified":"2023-05-12T17:50:05","modified_gmt":"2023-05-12T14:50:05","slug":"parlamento-arabe-la-declaracion-de-la-ue-sobre-argelia-es-injerencia-flagrante-e-inaceptable","status":"publish","type":"post","link":"https:\/\/archive.sana.sy\/es\/?p=297280","title":{"rendered":"Parlamento \u00c1rabe: La declaraci\u00f3n de la UE sobre Argelia es injerencia flagrante e inaceptable"},"content":{"rendered":"<blockquote>\n<p style=\"text-align: justify;\">\u201cLe inst\u00f3 tambi\u00e9n a no politizar las cuestiones de derechos humanos ni usarlo como pretexto para la injerencia, seg\u00fan un comunicado emitido por la mencionada entidad parlamentaria \u00e1rabe\u201d<\/p>\n<\/blockquote>\n<p style=\"text-align: justify;\"><span style=\"color: #800000;\"><strong>El Cairo, 12 mayo (SANA)<\/strong><\/span> El Parlamento \u00c1rabe pidi\u00f3 nuevamente al Parlamento Europeo que deje inmediata y completamente de intervenir en los asuntos de los pa\u00edses \u00e1rabes, en particular en los asuntos internos de Argelia.<\/p>\n<p style=\"text-align: justify;\">Le inst\u00f3 tambi\u00e9n a no politizar las cuestiones de derechos humanos ni usarlo como pretexto para la injerencia, seg\u00fan un comunicado emitido por la mencionada entidad parlamentaria \u00e1rabe.<\/p>\n<p style=\"text-align: justify;\">Manifest\u00f3 su rechazo a la declaraci\u00f3n emitida por la Euroc\u00e1mara sobre la &#8220;libertad de expresi\u00f3n&#8221; en esta naci\u00f3n \u00e1rabe en el norte de \u00c1frica.<\/p>\n<p style=\"text-align: justify;\">Asimismo, consider\u00f3 que la ret\u00f3rica inaceptable mencionada en la declaraci\u00f3n europea representa una violaci\u00f3n flagrante de los principios de las Naciones Unidas y de todas las normas y leyes internacionales que subrayan el principio de no injerencia en los asuntos internos de los estados.<\/p>\n<p style=\"text-align: justify;\">\u201cPedimos a Argelia y otros pa\u00edses \u00e1rabes que no presten atenci\u00f3n a tales declaraciones sospechosas, ya que est\u00e1n emitidas por una parte que no tiene autoridad ni mandato para decidir sobre los derechos humanos en los pa\u00edses \u00e1rabes\u201d, concluy\u00f3 el Parlamento su comunicado.<\/p>\n<p style=\"text-align: justify;\">lch\/fm<\/p>\n","protected":false},"excerpt":{"rendered":"<p>\u201cLe inst\u00f3 tambi\u00e9n a no politizar las cuestiones de derechos humanos ni usarlo como pretexto para la injerencia, seg\u00fan un comunicado emitido por la mencionada entidad parlamentaria \u00e1rabe\u201d El Cairo, 12 mayo (SANA) El Parlamento \u00c1rabe pidi\u00f3 nuevamente al Parlamento Europeo que deje inmediata y completamente de intervenir en los asuntos de los pa\u00edses \u00e1rabes, &hellip;<\/p>\n","protected":false},"author":41,"featured_media":297284,"comment_status":"closed","ping_status":"closed","sticky":false,"template":"","format":"standard","meta":{"footnotes":""},"categories":[597,456,16687,7541],"tags":[],"class_list":["post-297280","post","type-post","status-publish","format-standard","has-post-thumbnail","","category-cinta-de-noticias","category-arabe-internacional-politica","category-internacionales","category-ultimas-noticias"],"_links":{"self":[{"href":"https:\/\/archive.sana.sy\/es\/index.php?rest_route=\/wp\/v2\/posts\/297280"}],"collection":[{"href":"https:\/\/archive.sana.sy\/es\/index.php?rest_route=\/wp\/v2\/posts"}],"about":[{"href":"https:\/\/archive.sana.sy\/es\/index.php?rest_route=\/wp\/v2\/types\/post"}],"author":[{"embeddable":true,"href":"https:\/\/archive.sana.sy\/es\/index.php?rest_route=\/wp\/v2\/users\/41"}],"replies":[{"embeddable":true,"href":"https:\/\/archive.sana.sy\/es\/index.php?rest_route=%2Fwp%2Fv2%2Fcomments&post=297280"}],"version-history":[{"count":2,"href":"https:\/\/archive.sana.sy\/es\/index.php?rest_route=\/wp\/v2\/posts\/297280\/revisions"}],"predecessor-version":[{"id":297292,"href":"https:\/\/archive.sana.sy\/es\/index.php?rest_route=\/wp\/v2\/posts\/297280\/revisions\/297292"}],"wp:featuredmedia":[{"embeddable":true,"href":"https:\/\/archive.sana.sy\/es\/index.php?rest_route=\/wp\/v2\/media\/297284"}],"wp:attachment":[{"href":"https:\/\/archive.sana.sy\/es\/index.php?rest_route=%2Fwp%2Fv2%2Fmedia&parent=297280"}],"wp:term":[{"taxonomy":"category","embeddable":true,"href":"https:\/\/archive.sana.sy\/es\/index.php?rest_route=%2Fwp%2Fv2%2Fcategories&post=297280"},{"taxonomy":"post_tag","embeddable":true,"href":"https:\/\/archive.sana.sy\/es\/index.php?rest_route=%2Fwp%2Fv2%2Ftags&post=297280"}],"curies":[{"name":"wp","href":"https:\/\/api.w.org\/{rel}","templated":true}]}}