{"id":297319,"date":"2023-05-13T08:52:22","date_gmt":"2023-05-13T05:52:22","guid":{"rendered":"http:\/\/sana.sy\/es\/?p=297319"},"modified":"2023-05-13T08:57:16","modified_gmt":"2023-05-13T05:57:16","slug":"critican-en-america-latina-el-silencio-complice-ante-atrocidades-de-israel","status":"publish","type":"post","link":"https:\/\/archive.sana.sy\/es\/?p=297319","title":{"rendered":"Critican en Am\u00e9rica Latina el silencio c\u00f3mplice ante atrocidades de &#8220;Israel&#8221;"},"content":{"rendered":"<blockquote>\n<p style=\"text-align: justify;\"><span style=\"color: #993300;\">El silencio de la comunidad internacional la convierte en c\u00f3mplice de los cr\u00edmenes que comete Israel contra el pueblo de Palestina, denunci\u00f3 un comunicado de la Uni\u00f3n Palestina de Am\u00e9rica Latina<\/span><\/p>\n<\/blockquote>\n<p style=\"text-align: justify;\"><span style=\"color: #800000;\"><strong>San Salvador, 13 may (Prensa Latina)<\/strong><\/span> El silencio de la comunidad internacional la convierte en c\u00f3mplice de los cr\u00edmenes que comete Israel contra el pueblo de Palestina, denunci\u00f3 un comunicado de la Uni\u00f3n Palestina de Am\u00e9rica Latina (Upal).<\/p>\n<p style=\"text-align: justify;\">En reacci\u00f3n a las acciones de los ocupantes israel\u00edes contra las familias palestinas en Gaza, los \u00e1rabes palestinos de Am\u00e9rica Latina denunciaron el asesinato de 15 personas, siete hombres, cuatro mujeres y cuatro ni\u00f1os, en un ataque criminal en el que fueron usados drones y bombas de fabricaci\u00f3n norteamericana.<\/p>\n<p style=\"text-align: justify;\">Este acto de terrorismo es \u201cla continuaci\u00f3n de la cadena de cr\u00edmenes que comete el r\u00e9gimen de Tel Aviv contra nuestro pueblo hace ya 75 a\u00f1os\u201d, precis\u00f3 el comunicado citado por la agencia Prensa Latina.<\/p>\n<p style=\"text-align: justify;\">El silencio de la comunidad internacional, subray\u00f3 Upal, los convierte en c\u00f3mplices de los cr\u00edmenes de la fuerza ocupante, y llam\u00f3 a todos los pueblos del mundo a condenar y boicotear al r\u00e9gimen colonial israel\u00ed.<\/p>\n<p style=\"text-align: justify;\"><em><strong>fm\/ah<\/strong><\/em><\/p>\n","protected":false},"excerpt":{"rendered":"<p>El silencio de la comunidad internacional la convierte en c\u00f3mplice de los cr\u00edmenes que comete Israel contra el pueblo de Palestina, denunci\u00f3 un comunicado de la Uni\u00f3n Palestina de Am\u00e9rica Latina San Salvador, 13 may (Prensa Latina) El silencio de la comunidad internacional la convierte en c\u00f3mplice de los cr\u00edmenes que comete Israel contra el &hellip;<\/p>\n","protected":false},"author":30,"featured_media":297320,"comment_status":"closed","ping_status":"closed","sticky":false,"template":"","format":"standard","meta":{"footnotes":""},"categories":[456,16687,20724,7541],"tags":[],"class_list":["post-297319","post","type-post","status-publish","format-standard","has-post-thumbnail","","category-arabe-internacional-politica","category-internacionales","category-minuto-a-minuto","category-ultimas-noticias"],"_links":{"self":[{"href":"https:\/\/archive.sana.sy\/es\/index.php?rest_route=\/wp\/v2\/posts\/297319"}],"collection":[{"href":"https:\/\/archive.sana.sy\/es\/index.php?rest_route=\/wp\/v2\/posts"}],"about":[{"href":"https:\/\/archive.sana.sy\/es\/index.php?rest_route=\/wp\/v2\/types\/post"}],"author":[{"embeddable":true,"href":"https:\/\/archive.sana.sy\/es\/index.php?rest_route=\/wp\/v2\/users\/30"}],"replies":[{"embeddable":true,"href":"https:\/\/archive.sana.sy\/es\/index.php?rest_route=%2Fwp%2Fv2%2Fcomments&post=297319"}],"version-history":[{"count":2,"href":"https:\/\/archive.sana.sy\/es\/index.php?rest_route=\/wp\/v2\/posts\/297319\/revisions"}],"predecessor-version":[{"id":297322,"href":"https:\/\/archive.sana.sy\/es\/index.php?rest_route=\/wp\/v2\/posts\/297319\/revisions\/297322"}],"wp:featuredmedia":[{"embeddable":true,"href":"https:\/\/archive.sana.sy\/es\/index.php?rest_route=\/wp\/v2\/media\/297320"}],"wp:attachment":[{"href":"https:\/\/archive.sana.sy\/es\/index.php?rest_route=%2Fwp%2Fv2%2Fmedia&parent=297319"}],"wp:term":[{"taxonomy":"category","embeddable":true,"href":"https:\/\/archive.sana.sy\/es\/index.php?rest_route=%2Fwp%2Fv2%2Fcategories&post=297319"},{"taxonomy":"post_tag","embeddable":true,"href":"https:\/\/archive.sana.sy\/es\/index.php?rest_route=%2Fwp%2Fv2%2Ftags&post=297319"}],"curies":[{"name":"wp","href":"https:\/\/api.w.org\/{rel}","templated":true}]}}