{"id":297354,"date":"2023-05-13T12:12:22","date_gmt":"2023-05-13T09:12:22","guid":{"rendered":"http:\/\/sana.sy\/es\/?p=297354"},"modified":"2023-05-13T12:12:22","modified_gmt":"2023-05-13T09:12:22","slug":"iran-y-arabia-saudita-por-relaciones-bilaterales-desarrolladas","status":"publish","type":"post","link":"https:\/\/archive.sana.sy\/es\/?p=297354","title":{"rendered":"Ir\u00e1n y Arabia Saudita por relaciones bilaterales desarrolladas"},"content":{"rendered":"<p style=\"text-align: justify;\"><span style=\"color: #800000;\"><strong>Teher\u00e1n, 13 may (SANA)<\/strong><\/span> El ministro de Exteriores iran\u00ed, Husein Amir Abdullahian, abord\u00f3 con su par saudita, Faisal Ibn Farhan, el desarrollo de las relaciones bilaterales entre ambos pa\u00edses.<\/p>\n<p style=\"text-align: justify;\">El Canciller iran\u00ed expres\u00f3 durante una conversaci\u00f3ntelef\u00f3nica su satisfacci\u00f3n por los consensos alcanzados entre Ir\u00e1n y Arabia Saudita, incluido la reuni\u00f3n de los cancilleres de ambos pa\u00edses, la declaraci\u00f3n de reanudar las relaciones y el env\u00edo de equipos t\u00e9cnicos para reabrir embajadas y consulados generales, divulg\u00f3 la agencia nacional iran\u00ed de noticias IRNA.<\/p>\n<p style=\"text-align: justify;\">Abdullahian subray\u00f3 que Teher\u00e1n tom\u00f3 los preparativos necesarios para abrir oficialmente sus representaciones diplom\u00e1ticas y consulares en Arabia Saudita.<\/p>\n<p style=\"text-align: justify;\">El Canciller iran\u00ed explic\u00f3 que el calendario de visitas y reuniones de funcionarios y cancilleres de ambos pa\u00edses a sus respectivas capitales es una indicaci\u00f3n de la determinaci\u00f3n de las dos partes de cooperar y establecer relaciones apropiadas.<\/p>\n<p style=\"text-align: justify;\">Por su parte, el Canciller saudita destac\u00f3 que su pa\u00eds mira positivamente el futuro de las relaciones bilaterales, as\u00ed como los esfuerzos realizados para desarrollarlas y fortalecerlas.<\/p>\n<p style=\"text-align: justify;\"><em><strong>ah\/fm<\/strong><\/em><\/p>\n","protected":false},"excerpt":{"rendered":"<p>Teher\u00e1n, 13 may (SANA) El ministro de Exteriores iran\u00ed, Husein Amir Abdullahian, abord\u00f3 con su par saudita, Faisal Ibn Farhan, el desarrollo de las relaciones bilaterales entre ambos pa\u00edses. El Canciller iran\u00ed expres\u00f3 durante una conversaci\u00f3ntelef\u00f3nica su satisfacci\u00f3n por los consensos alcanzados entre Ir\u00e1n y Arabia Saudita, incluido la reuni\u00f3n de los cancilleres de ambos &hellip;<\/p>\n","protected":false},"author":30,"featured_media":297355,"comment_status":"closed","ping_status":"closed","sticky":false,"template":"","format":"standard","meta":{"footnotes":""},"categories":[456,16687,20724],"tags":[],"class_list":["post-297354","post","type-post","status-publish","format-standard","has-post-thumbnail","","category-arabe-internacional-politica","category-internacionales","category-minuto-a-minuto"],"_links":{"self":[{"href":"https:\/\/archive.sana.sy\/es\/index.php?rest_route=\/wp\/v2\/posts\/297354"}],"collection":[{"href":"https:\/\/archive.sana.sy\/es\/index.php?rest_route=\/wp\/v2\/posts"}],"about":[{"href":"https:\/\/archive.sana.sy\/es\/index.php?rest_route=\/wp\/v2\/types\/post"}],"author":[{"embeddable":true,"href":"https:\/\/archive.sana.sy\/es\/index.php?rest_route=\/wp\/v2\/users\/30"}],"replies":[{"embeddable":true,"href":"https:\/\/archive.sana.sy\/es\/index.php?rest_route=%2Fwp%2Fv2%2Fcomments&post=297354"}],"version-history":[{"count":1,"href":"https:\/\/archive.sana.sy\/es\/index.php?rest_route=\/wp\/v2\/posts\/297354\/revisions"}],"predecessor-version":[{"id":297356,"href":"https:\/\/archive.sana.sy\/es\/index.php?rest_route=\/wp\/v2\/posts\/297354\/revisions\/297356"}],"wp:featuredmedia":[{"embeddable":true,"href":"https:\/\/archive.sana.sy\/es\/index.php?rest_route=\/wp\/v2\/media\/297355"}],"wp:attachment":[{"href":"https:\/\/archive.sana.sy\/es\/index.php?rest_route=%2Fwp%2Fv2%2Fmedia&parent=297354"}],"wp:term":[{"taxonomy":"category","embeddable":true,"href":"https:\/\/archive.sana.sy\/es\/index.php?rest_route=%2Fwp%2Fv2%2Fcategories&post=297354"},{"taxonomy":"post_tag","embeddable":true,"href":"https:\/\/archive.sana.sy\/es\/index.php?rest_route=%2Fwp%2Fv2%2Ftags&post=297354"}],"curies":[{"name":"wp","href":"https:\/\/api.w.org\/{rel}","templated":true}]}}