{"id":297366,"date":"2023-05-13T17:06:14","date_gmt":"2023-05-13T14:06:14","guid":{"rendered":"http:\/\/sana.sy\/es\/?p=297366"},"modified":"2023-05-13T17:06:14","modified_gmt":"2023-05-13T14:06:14","slug":"rusia-derriba-los-cazas-ucranianos-que-lanzaron-ataque-contra-territorio-ruso-con-misiles-britanicos-storm-shadow","status":"publish","type":"post","link":"https:\/\/archive.sana.sy\/es\/?p=297366","title":{"rendered":"Rusia derriba los cazas ucranianos que lanzaron ataque contra territorio ruso con misiles brit\u00e1nicos Storm Shadow"},"content":{"rendered":"<blockquote>\n<p style=\"text-align: justify;\"><span style=\"color: #993300;\">Los aviones de combate de las Fuerzas Aeroespaciales de Rusia derribaron un avi\u00f3n Su-24 que lanz\u00f3 el ataque con misiles contra Lugansk y un avi\u00f3n de combate MiG-29 de la Fuerza A\u00e9rea de Ucrania que lo cubr\u00eda.<\/span><\/p>\n<\/blockquote>\n<p style=\"text-align: justify;\"><span style=\"color: #800000;\"><strong>Mosc\u00fa, 13 may (SANA)<\/strong><\/span> En su informe sobre el avance de la operaci\u00f3n militar especial, el Ministerio de Defensa de la Federaci\u00f3n Rusa, anunci\u00f3 que alrededor de las 18.30 hora de Mosc\u00fa de este 12 de mayo, aviones de combate de la Fuerza A\u00e9rea de Ucrania lanzaron un ataque con misiles contra la empresa de productos de pol\u00edmero Polypak y la planta procesadora de carne Milam en la ciudad de Lugansk.<\/p>\n<p style=\"text-align: justify;\">Seg\u00fan el ente castrense, se utilizaron misiles aire-aire Storm Shadow suministrados al r\u00e9gimen de Kiev por Gran Breta\u00f1a, a pesar de las declaraciones de Londres de que estas armas no se utilizar\u00edan contra objetivos civiles.<\/p>\n<p style=\"text-align: justify;\">Como resultado de la acci\u00f3n, hubo incendio en el territorio de las empresas qu\u00edmicas y de alimentos de Lugansk y destrucci\u00f3n en los edificios residenciales cercanos, mientras varios civiles resultaron heridos, incluidos seis ni\u00f1os.<\/p>\n<p style=\"text-align: justify;\">Los aviones de combate de las Fuerzas Aeroespaciales de Rusia derribaron un avi\u00f3n Su-24 que lanz\u00f3 el ataque con misiles contra Lugansk y un avi\u00f3n de combate MiG-29 de la Fuerza A\u00e9rea de Ucrania que lo cubr\u00eda.<\/p>\n<p style=\"text-align: justify;\">fm\/as<\/p>\n","protected":false},"excerpt":{"rendered":"<p>Los aviones de combate de las Fuerzas Aeroespaciales de Rusia derribaron un avi\u00f3n Su-24 que lanz\u00f3 el ataque con misiles contra Lugansk y un avi\u00f3n de combate MiG-29 de la Fuerza A\u00e9rea de Ucrania que lo cubr\u00eda. Mosc\u00fa, 13 may (SANA) En su informe sobre el avance de la operaci\u00f3n militar especial, el Ministerio de &hellip;<\/p>\n","protected":false},"author":42,"featured_media":297367,"comment_status":"closed","ping_status":"closed","sticky":false,"template":"","format":"standard","meta":{"footnotes":""},"categories":[597,456,16687,20724,7541],"tags":[],"class_list":["post-297366","post","type-post","status-publish","format-standard","has-post-thumbnail","","category-cinta-de-noticias","category-arabe-internacional-politica","category-internacionales","category-minuto-a-minuto","category-ultimas-noticias"],"_links":{"self":[{"href":"https:\/\/archive.sana.sy\/es\/index.php?rest_route=\/wp\/v2\/posts\/297366"}],"collection":[{"href":"https:\/\/archive.sana.sy\/es\/index.php?rest_route=\/wp\/v2\/posts"}],"about":[{"href":"https:\/\/archive.sana.sy\/es\/index.php?rest_route=\/wp\/v2\/types\/post"}],"author":[{"embeddable":true,"href":"https:\/\/archive.sana.sy\/es\/index.php?rest_route=\/wp\/v2\/users\/42"}],"replies":[{"embeddable":true,"href":"https:\/\/archive.sana.sy\/es\/index.php?rest_route=%2Fwp%2Fv2%2Fcomments&post=297366"}],"version-history":[{"count":1,"href":"https:\/\/archive.sana.sy\/es\/index.php?rest_route=\/wp\/v2\/posts\/297366\/revisions"}],"predecessor-version":[{"id":297368,"href":"https:\/\/archive.sana.sy\/es\/index.php?rest_route=\/wp\/v2\/posts\/297366\/revisions\/297368"}],"wp:featuredmedia":[{"embeddable":true,"href":"https:\/\/archive.sana.sy\/es\/index.php?rest_route=\/wp\/v2\/media\/297367"}],"wp:attachment":[{"href":"https:\/\/archive.sana.sy\/es\/index.php?rest_route=%2Fwp%2Fv2%2Fmedia&parent=297366"}],"wp:term":[{"taxonomy":"category","embeddable":true,"href":"https:\/\/archive.sana.sy\/es\/index.php?rest_route=%2Fwp%2Fv2%2Fcategories&post=297366"},{"taxonomy":"post_tag","embeddable":true,"href":"https:\/\/archive.sana.sy\/es\/index.php?rest_route=%2Fwp%2Fv2%2Ftags&post=297366"}],"curies":[{"name":"wp","href":"https:\/\/api.w.org\/{rel}","templated":true}]}}