{"id":29745,"date":"2015-09-09T15:23:33","date_gmt":"2015-09-09T12:23:33","guid":{"rendered":"http:\/\/sana.sy\/es\/?p=29745"},"modified":"2015-09-09T15:23:33","modified_gmt":"2015-09-09T12:23:33","slug":"fuerza-aerea-iraqui-elimina-a-decenas-de-terroristas-y-destruyen-18-vehiculos-del-ei","status":"publish","type":"post","link":"https:\/\/archive.sana.sy\/es\/?p=29745","title":{"rendered":"Fuerza a\u00e9rea iraqu\u00ed elimina a decenas de terroristas y destruyen 18 veh\u00edculos del EI"},"content":{"rendered":"<p><span style=\"color: #800000\">Bagdad, SANA<\/span><\/p>\n<p>La fuerza a\u00e9rea iraqu\u00ed atac\u00f3 a varias posiciones de la organizaci\u00f3n terrorista dekl Estado Isl\u00e1mico en las provincias de Ninawa, Anbar, Salahuddin y Kirkuk, donde mat\u00f3 68 terroristas.<\/p>\n<p>Una fuente del mando de operaciones conjuntas iraqu\u00edes dijo que &#8220;los ataques se dirigieron contra las agrupaciones de los terroristas en varias zonas de las mencionadas provincias, donde sesenta y ocho terroristas fueron eliminados, entre ellos figura el responsable de Prensa del Estado Isl\u00e1mico.<\/p>\n<p>Asimismo, fue atacado un convoy de los terroristas destruyendo a ocho coches se dirig\u00edan desde la ciudad de Qaim, cerca de la frontera sirio-iraqu\u00ed para la ciudad de Ramadi, provincia de Anbar.<\/p>\n<p>&nbsp;<\/p>\n<p>Fady M., Lynn A.<\/p>\n","protected":false},"excerpt":{"rendered":"<p>Bagdad, SANA La fuerza a\u00e9rea iraqu\u00ed atac\u00f3 a varias posiciones de la organizaci\u00f3n terrorista dekl Estado Isl\u00e1mico en las provincias de Ninawa, Anbar, Salahuddin y Kirkuk, donde mat\u00f3 68 terroristas. Una fuente del mando de operaciones conjuntas iraqu\u00edes dijo que &#8220;los ataques se dirigieron contra las agrupaciones de los terroristas en varias zonas de las &hellip;<\/p>\n","protected":false},"author":24,"featured_media":6868,"comment_status":"closed","ping_status":"closed","sticky":false,"template":"","format":"standard","meta":{"footnotes":""},"categories":[1],"tags":[6594],"class_list":["post-29745","post","type-post","status-publish","format-standard","has-post-thumbnail","","category-news-not-sorted","tag-fuerza-aerea-iraqui-elimina-a-decenas-de-terroristas-y-destruyen-18-vehiculos-del-ei"],"_links":{"self":[{"href":"https:\/\/archive.sana.sy\/es\/index.php?rest_route=\/wp\/v2\/posts\/29745"}],"collection":[{"href":"https:\/\/archive.sana.sy\/es\/index.php?rest_route=\/wp\/v2\/posts"}],"about":[{"href":"https:\/\/archive.sana.sy\/es\/index.php?rest_route=\/wp\/v2\/types\/post"}],"author":[{"embeddable":true,"href":"https:\/\/archive.sana.sy\/es\/index.php?rest_route=\/wp\/v2\/users\/24"}],"replies":[{"embeddable":true,"href":"https:\/\/archive.sana.sy\/es\/index.php?rest_route=%2Fwp%2Fv2%2Fcomments&post=29745"}],"version-history":[{"count":0,"href":"https:\/\/archive.sana.sy\/es\/index.php?rest_route=\/wp\/v2\/posts\/29745\/revisions"}],"wp:featuredmedia":[{"embeddable":true,"href":"https:\/\/archive.sana.sy\/es\/index.php?rest_route=\/wp\/v2\/media\/6868"}],"wp:attachment":[{"href":"https:\/\/archive.sana.sy\/es\/index.php?rest_route=%2Fwp%2Fv2%2Fmedia&parent=29745"}],"wp:term":[{"taxonomy":"category","embeddable":true,"href":"https:\/\/archive.sana.sy\/es\/index.php?rest_route=%2Fwp%2Fv2%2Fcategories&post=29745"},{"taxonomy":"post_tag","embeddable":true,"href":"https:\/\/archive.sana.sy\/es\/index.php?rest_route=%2Fwp%2Fv2%2Ftags&post=29745"}],"curies":[{"name":"wp","href":"https:\/\/api.w.org\/{rel}","templated":true}]}}