{"id":297513,"date":"2023-05-14T19:05:25","date_gmt":"2023-05-14T16:05:25","guid":{"rendered":"http:\/\/sana.sy\/es\/?p=297513"},"modified":"2023-05-14T19:05:25","modified_gmt":"2023-05-14T16:05:25","slug":"iran-reitera-la-necesidad-de-respetar-la-soberania-e-integridad-territorial-de-siria","status":"publish","type":"post","link":"https:\/\/archive.sana.sy\/es\/?p=297513","title":{"rendered":"Ir\u00e1n reitera la necesidad de respetar la soberan\u00eda e integridad territorial de Siria"},"content":{"rendered":"<p style=\"text-align: justify;\"><span style=\"color: #800000;\"><strong>Teher\u00e1n, 14 may (SANA)<\/strong><\/span>\u00a0 \u00a0El asistente principal del Ministro de Relaciones Exteriores de Ir\u00e1n para Asuntos Pol\u00edticos Especiales, Ali Asghar Khaji, afirm\u00f3 que los desarrollos positivos en las relaciones de los pa\u00edses \u00e1rabes con Siria favorecen los intereses de los pueblos de la regi\u00f3n.<\/p>\n<p style=\"text-align: justify;\">Esta postura fue expresada por Asghar Khaji durante una reuni\u00f3n celebrada hoy en la capital iran\u00ed, Teher\u00e1n, con Geir Pedersen, el Enviado Especial del Secretario General de las Naciones Unidas a Siria.<\/p>\n<p style=\"text-align: justify;\">Seg\u00fan cit\u00f3 la agencia de noticias iran\u00ed \u201cIRNA\u201d, el diplom\u00e1tico iran\u00ed enfatiz\u00f3 la necesidad de enfrentar el terrorismo y respetar la soberan\u00eda y la integridad territorial de Siria.<\/p>\n<p style=\"text-align: justify;\">Por su parte, Pedersen, quien se encuentra de visita en Ir\u00e1n como parte de sus consultas regionales, present\u00f3 un informe sobre algunas de las medidas tomadas respecto a Siria, incluida la iniciativa \u201cpaso a paso\u201d para resolver la crisis en Siria.<\/p>\n<p style=\"text-align: justify;\">Adem\u00e1s, las dos partes examinaron los \u00faltimos acontecimientos en Siria, en especial la reciente reuni\u00f3n cuatripartitas en Mosc\u00fa de los ministros de Asuntos Exteriores de Siria, Ir\u00e1n, Rusia y Turqu\u00eda.<\/p>\n<p style=\"text-align: justify;\">rr\/fm<\/p>\n","protected":false},"excerpt":{"rendered":"<p>Teher\u00e1n, 14 may (SANA)\u00a0 \u00a0El asistente principal del Ministro de Relaciones Exteriores de Ir\u00e1n para Asuntos Pol\u00edticos Especiales, Ali Asghar Khaji, afirm\u00f3 que los desarrollos positivos en las relaciones de los pa\u00edses \u00e1rabes con Siria favorecen los intereses de los pueblos de la regi\u00f3n. Esta postura fue expresada por Asghar Khaji durante una reuni\u00f3n celebrada &hellip;<\/p>\n","protected":false},"author":31,"featured_media":297515,"comment_status":"closed","ping_status":"closed","sticky":false,"template":"","format":"standard","meta":{"footnotes":""},"categories":[597,467,7541],"tags":[2866,8799,6553],"class_list":["post-297513","post","type-post","status-publish","format-standard","has-post-thumbnail","","category-cinta-de-noticias","category-siria-y-el-mundo","category-ultimas-noticias","tag-iran","tag-onu","tag-siria"],"_links":{"self":[{"href":"https:\/\/archive.sana.sy\/es\/index.php?rest_route=\/wp\/v2\/posts\/297513"}],"collection":[{"href":"https:\/\/archive.sana.sy\/es\/index.php?rest_route=\/wp\/v2\/posts"}],"about":[{"href":"https:\/\/archive.sana.sy\/es\/index.php?rest_route=\/wp\/v2\/types\/post"}],"author":[{"embeddable":true,"href":"https:\/\/archive.sana.sy\/es\/index.php?rest_route=\/wp\/v2\/users\/31"}],"replies":[{"embeddable":true,"href":"https:\/\/archive.sana.sy\/es\/index.php?rest_route=%2Fwp%2Fv2%2Fcomments&post=297513"}],"version-history":[{"count":1,"href":"https:\/\/archive.sana.sy\/es\/index.php?rest_route=\/wp\/v2\/posts\/297513\/revisions"}],"predecessor-version":[{"id":297516,"href":"https:\/\/archive.sana.sy\/es\/index.php?rest_route=\/wp\/v2\/posts\/297513\/revisions\/297516"}],"wp:featuredmedia":[{"embeddable":true,"href":"https:\/\/archive.sana.sy\/es\/index.php?rest_route=\/wp\/v2\/media\/297515"}],"wp:attachment":[{"href":"https:\/\/archive.sana.sy\/es\/index.php?rest_route=%2Fwp%2Fv2%2Fmedia&parent=297513"}],"wp:term":[{"taxonomy":"category","embeddable":true,"href":"https:\/\/archive.sana.sy\/es\/index.php?rest_route=%2Fwp%2Fv2%2Fcategories&post=297513"},{"taxonomy":"post_tag","embeddable":true,"href":"https:\/\/archive.sana.sy\/es\/index.php?rest_route=%2Fwp%2Fv2%2Ftags&post=297513"}],"curies":[{"name":"wp","href":"https:\/\/api.w.org\/{rel}","templated":true}]}}