{"id":297521,"date":"2023-05-14T19:40:57","date_gmt":"2023-05-14T16:40:57","guid":{"rendered":"https:\/\/sana.sy\/es\/?p=297521"},"modified":"2023-05-14T19:40:57","modified_gmt":"2023-05-14T16:40:57","slug":"ucrania-es-un-estado-patrocinador-del-terrorismo-afirma-peskov","status":"publish","type":"post","link":"https:\/\/archive.sana.sy\/es\/?p=297521","title":{"rendered":"Ucrania es un estado patrocinador del terrorismo, afirma Peskov"},"content":{"rendered":"<p style=\"text-align: justify;\"><span style=\"color: #800000;\"><strong>Mosc\u00fa, 14 may (SANA) <\/strong><\/span>El portavoz de la presidencia rusa, Dmitry Peskov, afirm\u00f3 que el r\u00e9gimen de Kiev convirti\u00f3 a Ucrania en un estado patrocinador del terrorismo y est\u00e1 cometiendo asesinatos contra los ciudadanos rusos.<\/p>\n<p style=\"text-align: justify;\">\u201cUcrania ya se ha convertido en un estado patrocinador del terrorismo, su r\u00e9gimen es claramente el autor de estos asesinatos\u201d, dijo Peskov.<\/p>\n<p style=\"text-align: justify;\">El vocero subray\u00f3 la necesidad de condenar las declaraciones de Budanov. \u201cSus declaraciones no tienen precedentes y deben ser condenadas\u201d, asegur\u00f3.<\/p>\n<p style=\"text-align: justify;\">\u201cTales declaraciones rusf\u00f3bicas confirman una vez m\u00e1s la correcta decisi\u00f3n del presidente ruso Vladimir Putin de lanzar la operaci\u00f3n militar especial en Ucrania\u201d, concluy\u00f3.<\/p>\n<p style=\"text-align: justify;\">as\/fm<\/p>\n","protected":false},"excerpt":{"rendered":"<p>Mosc\u00fa, 14 may (SANA) El portavoz de la presidencia rusa, Dmitry Peskov, afirm\u00f3 que el r\u00e9gimen de Kiev convirti\u00f3 a Ucrania en un estado patrocinador del terrorismo y est\u00e1 cometiendo asesinatos contra los ciudadanos rusos. \u201cUcrania ya se ha convertido en un estado patrocinador del terrorismo, su r\u00e9gimen es claramente el autor de estos asesinatos\u201d, &hellip;<\/p>\n","protected":false},"author":42,"featured_media":297522,"comment_status":"closed","ping_status":"closed","sticky":false,"template":"","format":"standard","meta":{"footnotes":""},"categories":[597,456,16687,20724],"tags":[],"class_list":["post-297521","post","type-post","status-publish","format-standard","has-post-thumbnail","","category-cinta-de-noticias","category-arabe-internacional-politica","category-internacionales","category-minuto-a-minuto"],"_links":{"self":[{"href":"https:\/\/archive.sana.sy\/es\/index.php?rest_route=\/wp\/v2\/posts\/297521"}],"collection":[{"href":"https:\/\/archive.sana.sy\/es\/index.php?rest_route=\/wp\/v2\/posts"}],"about":[{"href":"https:\/\/archive.sana.sy\/es\/index.php?rest_route=\/wp\/v2\/types\/post"}],"author":[{"embeddable":true,"href":"https:\/\/archive.sana.sy\/es\/index.php?rest_route=\/wp\/v2\/users\/42"}],"replies":[{"embeddable":true,"href":"https:\/\/archive.sana.sy\/es\/index.php?rest_route=%2Fwp%2Fv2%2Fcomments&post=297521"}],"version-history":[{"count":1,"href":"https:\/\/archive.sana.sy\/es\/index.php?rest_route=\/wp\/v2\/posts\/297521\/revisions"}],"predecessor-version":[{"id":297523,"href":"https:\/\/archive.sana.sy\/es\/index.php?rest_route=\/wp\/v2\/posts\/297521\/revisions\/297523"}],"wp:featuredmedia":[{"embeddable":true,"href":"https:\/\/archive.sana.sy\/es\/index.php?rest_route=\/wp\/v2\/media\/297522"}],"wp:attachment":[{"href":"https:\/\/archive.sana.sy\/es\/index.php?rest_route=%2Fwp%2Fv2%2Fmedia&parent=297521"}],"wp:term":[{"taxonomy":"category","embeddable":true,"href":"https:\/\/archive.sana.sy\/es\/index.php?rest_route=%2Fwp%2Fv2%2Fcategories&post=297521"},{"taxonomy":"post_tag","embeddable":true,"href":"https:\/\/archive.sana.sy\/es\/index.php?rest_route=%2Fwp%2Fv2%2Ftags&post=297521"}],"curies":[{"name":"wp","href":"https:\/\/api.w.org\/{rel}","templated":true}]}}