{"id":297527,"date":"2023-05-14T22:12:07","date_gmt":"2023-05-14T19:12:07","guid":{"rendered":"http:\/\/sana.sy\/es\/?p=297527"},"modified":"2023-05-14T22:12:07","modified_gmt":"2023-05-14T19:12:07","slug":"ministro-de-petroleo-inaugura-el-museo-geologico-de-siria","status":"publish","type":"post","link":"https:\/\/archive.sana.sy\/es\/?p=297527","title":{"rendered":"Ministro de Petr\u00f3leo inaugura el Museo Geol\u00f3gico de Siria"},"content":{"rendered":"<blockquote>\n<p style=\"text-align: justify;\"><span style=\"color: #993300;\">El museo encluye los f\u00f3siles del plesiosaurio sirio, que se exhibieron por primera vez en la Feria Internacional de Damasco en 2017.<\/span><\/p>\n<\/blockquote>\n<p style=\"text-align: justify;\"><span style=\"color: #800000;\"><strong>Damasco, 14 may (SANA)<\/strong><\/span>\u00a0 \u00a0El ministro de Petr\u00f3leo y Recursos Minerales, Firas Kaddour, inaugur\u00f3 hoy el Museo Geol\u00f3gico de Siria en la sede de la Empresa Estatal de Geolog\u00eda y Recursos Minerales.<\/p>\n<p style=\"text-align: justify;\">El museo incluye una selecci\u00f3n de minerales, rocas y f\u00f3siles de Siria, adem\u00e1s de equipos antiguos de laboratorios de campo y dispositivos geof\u00edsicos y topogr\u00e1ficos.<\/p>\n<p style=\"text-align: justify;\">Se exhiben adem\u00e1s varias maquetas que muestran los pasos de la miner\u00eda, producci\u00f3n e importaci\u00f3n del fosfato en Siria, adem\u00e1s de mapas geol\u00f3gicos y ambientales de Siria.<\/p>\n<p style=\"text-align: justify;\">Asimismo, incluye los f\u00f3siles del plesiosaurio sirio, que se exhibieron por primera vez en la Feria Internacional de Damasco en 2017.<\/p>\n<p style=\"text-align: justify;\">El titular del Petr\u00f3leo indic\u00f3 que el museo apoya la investigaci\u00f3n cient\u00edfica, y constituye una referencia cient\u00edfica e hist\u00f3rica para todos los interesados en la geolog\u00eda, ya sean estudiantes o inversionistas.<\/p>\n<p style=\"text-align: justify;\">Agreg\u00f3 que Siria tiene importantes recursos minerales, y se\u00f1al\u00f3 la necesidad de promover la inversi\u00f3n de materias primas y recursos de valor econ\u00f3mico, y convertirlo en una prioridad nacional.<\/p>\n<p style=\"text-align: justify;\">Por su parte, el gerente de la Fundaci\u00f3n, Samir Al-Assad, explic\u00f3 que el Museo fue el resultado de un gran trabajo y esfuerzo por todos los empleados en la Empresa Estatal de Geolog\u00eda, con el objetivo de apoyar la investigaci\u00f3n cient\u00edfica en el campo de geolog\u00eda.<\/p>\n<p>&nbsp;<\/p>\n<div id='gallery-1' class='gallery galleryid-297527 gallery-columns-2 gallery-size-medium'><figure class='gallery-item'>\n\t\t\t<div class='gallery-icon landscape'>\n\t\t\t\t<a href='https:\/\/archive.sana.sy\/es\/wp-content\/uploads\/2023\/05\/9-3-scaled.jpg'><img loading=\"lazy\" decoding=\"async\" width=\"300\" height=\"199\" src=\"https:\/\/archive.sana.sy\/es\/wp-content\/uploads\/2023\/05\/9-3-300x199.jpg\" class=\"attachment-medium size-medium\" alt=\"\" srcset=\"https:\/\/archive.sana.sy\/es\/wp-content\/uploads\/2023\/05\/9-3-300x199.jpg 300w, https:\/\/archive.sana.sy\/es\/wp-content\/uploads\/2023\/05\/9-3-1024x680.jpg 1024w, https:\/\/archive.sana.sy\/es\/wp-content\/uploads\/2023\/05\/9-3-150x100.jpg 150w, https:\/\/archive.sana.sy\/es\/wp-content\/uploads\/2023\/05\/9-3-768x510.jpg 768w, https:\/\/archive.sana.sy\/es\/wp-content\/uploads\/2023\/05\/9-3-1536x1020.jpg 1536w, https:\/\/archive.sana.sy\/es\/wp-content\/uploads\/2023\/05\/9-3-2048x1360.jpg 2048w, https:\/\/archive.sana.sy\/es\/wp-content\/uploads\/2023\/05\/9-3-310x205.jpg 310w\" sizes=\"(max-width: 300px) 100vw, 300px\" \/><\/a>\n\t\t\t<\/div><\/figure><figure class='gallery-item'>\n\t\t\t<div class='gallery-icon landscape'>\n\t\t\t\t<a href='https:\/\/archive.sana.sy\/es\/wp-content\/uploads\/2023\/05\/18-scaled.jpg'><img loading=\"lazy\" decoding=\"async\" width=\"300\" height=\"182\" src=\"https:\/\/archive.sana.sy\/es\/wp-content\/uploads\/2023\/05\/18-300x182.jpg\" class=\"attachment-medium size-medium\" alt=\"\" srcset=\"https:\/\/archive.sana.sy\/es\/wp-content\/uploads\/2023\/05\/18-300x182.jpg 300w, https:\/\/archive.sana.sy\/es\/wp-content\/uploads\/2023\/05\/18-1024x621.jpg 1024w, https:\/\/archive.sana.sy\/es\/wp-content\/uploads\/2023\/05\/18-150x91.jpg 150w, https:\/\/archive.sana.sy\/es\/wp-content\/uploads\/2023\/05\/18-768x466.jpg 768w, https:\/\/archive.sana.sy\/es\/wp-content\/uploads\/2023\/05\/18-1536x932.jpg 1536w, https:\/\/archive.sana.sy\/es\/wp-content\/uploads\/2023\/05\/18-2048x1242.jpg 2048w\" sizes=\"(max-width: 300px) 100vw, 300px\" \/><\/a>\n\t\t\t<\/div><\/figure>\n\t\t<\/div>\n\n<p>&nbsp;<\/p>\n<p style=\"text-align: justify;\">rr\/fm<\/p>\n","protected":false},"excerpt":{"rendered":"<p>El museo encluye los f\u00f3siles del plesiosaurio sirio, que se exhibieron por primera vez en la Feria Internacional de Damasco en 2017. Damasco, 14 may (SANA)\u00a0 \u00a0El ministro de Petr\u00f3leo y Recursos Minerales, Firas Kaddour, inaugur\u00f3 hoy el Museo Geol\u00f3gico de Siria en la sede de la Empresa Estatal de Geolog\u00eda y Recursos Minerales. El &hellip;<\/p>\n","protected":false},"author":31,"featured_media":297528,"comment_status":"closed","ping_status":"closed","sticky":false,"template":"","format":"standard","meta":{"footnotes":""},"categories":[597,476,7541],"tags":[22073,19769,6553],"class_list":["post-297527","post","type-post","status-publish","format-standard","has-post-thumbnail","","category-cinta-de-noticias","category-locales","category-ultimas-noticias","tag-geologia","tag-museo","tag-siria"],"_links":{"self":[{"href":"https:\/\/archive.sana.sy\/es\/index.php?rest_route=\/wp\/v2\/posts\/297527"}],"collection":[{"href":"https:\/\/archive.sana.sy\/es\/index.php?rest_route=\/wp\/v2\/posts"}],"about":[{"href":"https:\/\/archive.sana.sy\/es\/index.php?rest_route=\/wp\/v2\/types\/post"}],"author":[{"embeddable":true,"href":"https:\/\/archive.sana.sy\/es\/index.php?rest_route=\/wp\/v2\/users\/31"}],"replies":[{"embeddable":true,"href":"https:\/\/archive.sana.sy\/es\/index.php?rest_route=%2Fwp%2Fv2%2Fcomments&post=297527"}],"version-history":[{"count":1,"href":"https:\/\/archive.sana.sy\/es\/index.php?rest_route=\/wp\/v2\/posts\/297527\/revisions"}],"predecessor-version":[{"id":297531,"href":"https:\/\/archive.sana.sy\/es\/index.php?rest_route=\/wp\/v2\/posts\/297527\/revisions\/297531"}],"wp:featuredmedia":[{"embeddable":true,"href":"https:\/\/archive.sana.sy\/es\/index.php?rest_route=\/wp\/v2\/media\/297528"}],"wp:attachment":[{"href":"https:\/\/archive.sana.sy\/es\/index.php?rest_route=%2Fwp%2Fv2%2Fmedia&parent=297527"}],"wp:term":[{"taxonomy":"category","embeddable":true,"href":"https:\/\/archive.sana.sy\/es\/index.php?rest_route=%2Fwp%2Fv2%2Fcategories&post=297527"},{"taxonomy":"post_tag","embeddable":true,"href":"https:\/\/archive.sana.sy\/es\/index.php?rest_route=%2Fwp%2Fv2%2Ftags&post=297527"}],"curies":[{"name":"wp","href":"https:\/\/api.w.org\/{rel}","templated":true}]}}