{"id":297533,"date":"2023-05-15T11:46:20","date_gmt":"2023-05-15T08:46:20","guid":{"rendered":"http:\/\/sana.sy\/es\/?p=297533"},"modified":"2023-05-16T14:47:39","modified_gmt":"2023-05-16T11:47:39","slug":"inicia-reunion-ministerial-del-consejo-economico-y-social-en-yidda-con-participacion-de-siria","status":"publish","type":"post","link":"https:\/\/archive.sana.sy\/es\/?p=297533","title":{"rendered":"Siria participa en reuni\u00f3n ministerial \u00e1rabe del Consejo Econ\u00f3mico y Social"},"content":{"rendered":"<blockquote>\n<p style=\"text-align: justify;\"><span style=\"color: #800000;\"><span style=\"color: #993300;\">\u201cDamos la bienvenida a la delegaci\u00f3n siria y felicitamos a Siria por la reanudaci\u00f3n de su participaci\u00f3n en las reuniones de las instituciones de la Liga \u00c1rabe\u201d, dijo el ministro de Comercio y Promoci\u00f3n de Exportaciones de Argelia, Tayeb Zitouni<\/span><\/span><\/p>\n<\/blockquote>\n<p style=\"text-align: justify;\"><span style=\"color: #800000;\"><strong><br \/>\nYidda , 15 may (SANA)\u00a0<\/strong><\/span> En el marco de las reuniones preparatorias para la pr\u00f3xima Cumbre \u00c1rabe, arranc\u00f3 la reuni\u00f3n ministerial del Consejo Econ\u00f3mico y Social, en la que participa una delegaci\u00f3n siria encabezada por el ministro de Econom\u00eda y Comercio Exterior, Mohammad Samer Al-Khalil.<\/p>\n<p style=\"text-align: justify;\">La delegaci\u00f3n siria est\u00e1 conformada la viceministra de Econom\u00eda y Comercio Exterior, Rania Ahmed, el embajador Riad Abbas, el director de Relaciones Internacionales, Anas al-Bikai, y el consejero Ihsan Rumman de la Oficina del Canciller.<\/p>\n<p style=\"text-align: justify;\">\u201cDamos la bienvenida a la delegaci\u00f3n siria y felicitamos a Siria por la reanudaci\u00f3n de su participaci\u00f3n en las reuniones de las instituciones de la Liga \u00c1rabe\u201d, dijo el ministro de Comercio y Promoci\u00f3n de Exportaciones de Argelia, Tayeb Zitouni, en un discurso durante la reuni\u00f3n preparatoria del Consejo Econ\u00f3mico y Social a nivel ministerial.<\/p>\n<p style=\"text-align: justify;\">Al comienzo de la reuni\u00f3n preparatoria, la presidencia de la reuni\u00f3n pas\u00f3 de la parte argelina a la parte saud\u00ed.<\/p>\n<p style=\"text-align: justify;\">Por su parte, el ministro de Finanzas de Arabia Saudita, Mohammed Al-Jadaan, celebr\u00f3 el regreso de Siria a la Liga \u00c1rabe y esper\u00f3 trabajar juntos de una manera que favorezca los intereses de los pueblos \u00e1rabe.<\/p>\n<p style=\"text-align: justify;\">\u201cTenemos la voluntad de apoyar el proceso de acci\u00f3n \u00e1rabe conjunta e implementar las decisiones que se emitir\u00e1n en la cumbre y que repercutir\u00e1n positivamente en nuestros pa\u00edses y pueblos\u201d, agreg\u00f3 Al-Jadaan.<\/p>\n<p style=\"text-align: justify;\">Mientras el secretario general adjunto de la Liga \u00c1rabe, Hossam Zaki, dio la bienvenida al regreso de Siria a la Liga y a la participaci\u00f3n de su delegaci\u00f3n en la reuni\u00f3n.<\/p>\n<p style=\"text-align: justify;\"><span style=\"color: #003366;\"><strong><img loading=\"lazy\" decoding=\"async\" class=\" wp-image-297541 alignleft\" src=\"http:\/\/sana.sy\/es\/wp-content\/uploads\/2023\/05\/photo_2023-05-15_11-19-15-300x212-1.jpg\" alt=\"\" width=\"333\" height=\"235\" srcset=\"https:\/\/archive.sana.sy\/es\/wp-content\/uploads\/2023\/05\/photo_2023-05-15_11-19-15-300x212-1.jpg 300w, https:\/\/archive.sana.sy\/es\/wp-content\/uploads\/2023\/05\/photo_2023-05-15_11-19-15-300x212-1-150x106.jpg 150w\" sizes=\"(max-width: 333px) 100vw, 333px\" \/>Ministro sirio llama a fortalecer la acci\u00f3n \u00e1rabe conjunta<\/strong><\/span><\/p>\n<p style=\"text-align: justify;\">\u201cAgradecemos a Argelia por sus esfuerzos durante su anterior presidencia de la cumbre \u00e1rabe, y felicitamos a Arabia Saudita por acoger la actual cumbre, y le deseamos todo el \u00e9xito\u201d, dijo el ministro de Econom\u00eda y Comercio Exterior de Siria, Mohammad Samer al-Khalil.<\/p>\n<p style=\"text-align: justify;\">Agreg\u00f3 que en medio de las circunstancias excepcionales resultantes de los cambios internacionales que enfrenta el mundo, incluidos los pa\u00edses \u00e1rabes, la seguridad alimentaria se convierte en un problema b\u00e1sico y una necesidad urgente, lo que implica fortalecer la acci\u00f3n \u00e1rabe conjunta en este \u00e1mbito.<\/p>\n<p style=\"text-align: justify;\">Asimismo, hizo un llamado a los pa\u00edses \u00e1rabes para que participen en la inversi\u00f3n en Siria y aprovechen las oportunidades prometedoras y las nuevas leyes que atraen inversiones\u201d.<\/p>\n<p style=\"text-align: justify;\">El titular enfatiz\u00f3 que Siria est\u00e1 lista para discutir formas de desarrollo bilateral y multilateral conjunto de una manera que beneficie a los pueblos \u00e1rabes.<\/p>\n<p style=\"text-align: justify;\"><span style=\"color: #000000;\">ed\/fm<\/span><\/p>\n","protected":false},"excerpt":{"rendered":"<p>\u201cDamos la bienvenida a la delegaci\u00f3n siria y felicitamos a Siria por la reanudaci\u00f3n de su participaci\u00f3n en las reuniones de las instituciones de la Liga \u00c1rabe\u201d, dijo el ministro de Comercio y Promoci\u00f3n de Exportaciones de Argelia, Tayeb Zitouni Yidda , 15 may (SANA)\u00a0 En el marco de las reuniones preparatorias para la pr\u00f3xima &hellip;<\/p>\n","protected":false},"author":32,"featured_media":297534,"comment_status":"closed","ping_status":"closed","sticky":false,"template":"","format":"standard","meta":{"footnotes":""},"categories":[597,467,583],"tags":[],"class_list":["post-297533","post","type-post","status-publish","format-standard","has-post-thumbnail","","category-cinta-de-noticias","category-siria-y-el-mundo","category-slide"],"_links":{"self":[{"href":"https:\/\/archive.sana.sy\/es\/index.php?rest_route=\/wp\/v2\/posts\/297533"}],"collection":[{"href":"https:\/\/archive.sana.sy\/es\/index.php?rest_route=\/wp\/v2\/posts"}],"about":[{"href":"https:\/\/archive.sana.sy\/es\/index.php?rest_route=\/wp\/v2\/types\/post"}],"author":[{"embeddable":true,"href":"https:\/\/archive.sana.sy\/es\/index.php?rest_route=\/wp\/v2\/users\/32"}],"replies":[{"embeddable":true,"href":"https:\/\/archive.sana.sy\/es\/index.php?rest_route=%2Fwp%2Fv2%2Fcomments&post=297533"}],"version-history":[{"count":7,"href":"https:\/\/archive.sana.sy\/es\/index.php?rest_route=\/wp\/v2\/posts\/297533\/revisions"}],"predecessor-version":[{"id":297642,"href":"https:\/\/archive.sana.sy\/es\/index.php?rest_route=\/wp\/v2\/posts\/297533\/revisions\/297642"}],"wp:featuredmedia":[{"embeddable":true,"href":"https:\/\/archive.sana.sy\/es\/index.php?rest_route=\/wp\/v2\/media\/297534"}],"wp:attachment":[{"href":"https:\/\/archive.sana.sy\/es\/index.php?rest_route=%2Fwp%2Fv2%2Fmedia&parent=297533"}],"wp:term":[{"taxonomy":"category","embeddable":true,"href":"https:\/\/archive.sana.sy\/es\/index.php?rest_route=%2Fwp%2Fv2%2Fcategories&post=297533"},{"taxonomy":"post_tag","embeddable":true,"href":"https:\/\/archive.sana.sy\/es\/index.php?rest_route=%2Fwp%2Fv2%2Ftags&post=297533"}],"curies":[{"name":"wp","href":"https:\/\/api.w.org\/{rel}","templated":true}]}}