{"id":297553,"date":"2023-05-15T14:23:28","date_gmt":"2023-05-15T11:23:28","guid":{"rendered":"http:\/\/sana.sy\/es\/?p=297553"},"modified":"2023-05-15T14:23:28","modified_gmt":"2023-05-15T11:23:28","slug":"zaki-la-presencia-de-siria-en-las-reuniones-arabes-abre-una-nueva-fase-y-beneficia-a-todos","status":"publish","type":"post","link":"https:\/\/archive.sana.sy\/es\/?p=297553","title":{"rendered":"Zaki: La presencia de Siria en las reuniones \u00e1rabes abre una nueva fase y beneficia a todos"},"content":{"rendered":"<p style=\"text-align: justify;\"><span style=\"color: #800000;\"><strong>Yedah, 15 may (SANA)<\/strong><\/span> El subsecretario general de la Liga de Estados \u00c1rabes, Hossam Zaki, declar\u00f3 a SANA que \u201clos participantes en la reuni\u00f3n preparatoria del Consejo Econ\u00f3mico y Social que se celebra en la ciudad saudita de Jedah abord\u00f3 temas sociales importantes encaminados a fortalecer la acci\u00f3n \u00e1rabe conjunta\u201d.<\/p>\n<p style=\"text-align: justify;\">Hemos tratado temas que interesan al ciudadano \u00e1rabe y su vida, afirm\u00f3 Zaki, y agreg\u00f3 que \u201ca\u00fan no hemos llegado a la integraci\u00f3n econ\u00f3mica al m\u00e1s alto nivel, pero hay buenos pasos para lograr esa integraci\u00f3n\u201d.<\/p>\n<p style=\"text-align: justify;\">Asimismo, salud\u00f3 la presencia de Siria en estas reuniones preparatorias para la cumbre \u00e1rabe, lo cual abre una nueva fase que beneficia a todas las sociedades.<\/p>\n<p style=\"text-align: justify;\">fm\/as<\/p>\n","protected":false},"excerpt":{"rendered":"<p>Yedah, 15 may (SANA) El subsecretario general de la Liga de Estados \u00c1rabes, Hossam Zaki, declar\u00f3 a SANA que \u201clos participantes en la reuni\u00f3n preparatoria del Consejo Econ\u00f3mico y Social que se celebra en la ciudad saudita de Jedah abord\u00f3 temas sociales importantes encaminados a fortalecer la acci\u00f3n \u00e1rabe conjunta\u201d. Hemos tratado temas que interesan &hellip;<\/p>\n","protected":false},"author":32,"featured_media":297554,"comment_status":"closed","ping_status":"closed","sticky":false,"template":"","format":"standard","meta":{"footnotes":""},"categories":[597,20724,467,7541],"tags":[],"class_list":["post-297553","post","type-post","status-publish","format-standard","has-post-thumbnail","","category-cinta-de-noticias","category-minuto-a-minuto","category-siria-y-el-mundo","category-ultimas-noticias"],"_links":{"self":[{"href":"https:\/\/archive.sana.sy\/es\/index.php?rest_route=\/wp\/v2\/posts\/297553"}],"collection":[{"href":"https:\/\/archive.sana.sy\/es\/index.php?rest_route=\/wp\/v2\/posts"}],"about":[{"href":"https:\/\/archive.sana.sy\/es\/index.php?rest_route=\/wp\/v2\/types\/post"}],"author":[{"embeddable":true,"href":"https:\/\/archive.sana.sy\/es\/index.php?rest_route=\/wp\/v2\/users\/32"}],"replies":[{"embeddable":true,"href":"https:\/\/archive.sana.sy\/es\/index.php?rest_route=%2Fwp%2Fv2%2Fcomments&post=297553"}],"version-history":[{"count":1,"href":"https:\/\/archive.sana.sy\/es\/index.php?rest_route=\/wp\/v2\/posts\/297553\/revisions"}],"predecessor-version":[{"id":297555,"href":"https:\/\/archive.sana.sy\/es\/index.php?rest_route=\/wp\/v2\/posts\/297553\/revisions\/297555"}],"wp:featuredmedia":[{"embeddable":true,"href":"https:\/\/archive.sana.sy\/es\/index.php?rest_route=\/wp\/v2\/media\/297554"}],"wp:attachment":[{"href":"https:\/\/archive.sana.sy\/es\/index.php?rest_route=%2Fwp%2Fv2%2Fmedia&parent=297553"}],"wp:term":[{"taxonomy":"category","embeddable":true,"href":"https:\/\/archive.sana.sy\/es\/index.php?rest_route=%2Fwp%2Fv2%2Fcategories&post=297553"},{"taxonomy":"post_tag","embeddable":true,"href":"https:\/\/archive.sana.sy\/es\/index.php?rest_route=%2Fwp%2Fv2%2Ftags&post=297553"}],"curies":[{"name":"wp","href":"https:\/\/api.w.org\/{rel}","templated":true}]}}