{"id":297561,"date":"2023-05-15T15:20:55","date_gmt":"2023-05-15T12:20:55","guid":{"rendered":"http:\/\/sana.sy\/es\/?p=297561"},"modified":"2023-05-15T15:36:34","modified_gmt":"2023-05-15T12:36:34","slug":"presidente-al-assad-recibe-invitacion-para-la-proxima-cumbre-del-clima-cop28","status":"publish","type":"post","link":"https:\/\/archive.sana.sy\/es\/?p=297561","title":{"rendered":"Presidente Al-Assad recibe invitaci\u00f3n para la pr\u00f3xima cumbre del clima COP28"},"content":{"rendered":"<p style=\"text-align: justify;\"><span style=\"color: #800000;\"><strong>Damasco, 15 may (SANA)<\/strong><\/span>\u00a0 El presidente Bashar Al-Assad, recibi\u00f3 una invitaci\u00f3n para asistir a la Conferencia de las Naciones Unidas sobre el Clima 2023 (COP28).<\/p>\n<p style=\"text-align: justify;\">La convocatoria en nombre del Jeque Mohammed bin Zayed Al Nahyan, presidente de los Emiratos \u00c1rabes Unidos, fue entregada al mandatario por Abdul Hakim Al Nuaimi, encargado de negocios de la embajada de Abu Dabi en Damasco.<\/p>\n<p style=\"text-align: justify;\">La Cumbre se celebrar\u00e1 del 30 de noviembre al 12 de diciembre pr\u00f3ximos en Dub\u00e1i y tendr\u00e1 entre sus prioridades concluir el primer balance global del Acuerdo de Par\u00eds.<\/p>\n<p style=\"text-align: justify;\">fm\/ed<\/p>\n","protected":false},"excerpt":{"rendered":"<p>Damasco, 15 may (SANA)\u00a0 El presidente Bashar Al-Assad, recibi\u00f3 una invitaci\u00f3n para asistir a la Conferencia de las Naciones Unidas sobre el Clima 2023 (COP28). La convocatoria en nombre del Jeque Mohammed bin Zayed Al Nahyan, presidente de los Emiratos \u00c1rabes Unidos, fue entregada al mandatario por Abdul Hakim Al Nuaimi, encargado de negocios de &hellip;<\/p>\n","protected":false},"author":32,"featured_media":297568,"comment_status":"closed","ping_status":"closed","sticky":false,"template":"","format":"standard","meta":{"footnotes":""},"categories":[477,597,476,16237,583,626],"tags":[],"class_list":["post-297561","post","type-post","status-publish","format-standard","has-post-thumbnail","","category-noticias-edulcorantes","category-cinta-de-noticias","category-locales","category-presidence-de-la-republique-arabe-syria","category-slide","category-sr-presidente"],"_links":{"self":[{"href":"https:\/\/archive.sana.sy\/es\/index.php?rest_route=\/wp\/v2\/posts\/297561"}],"collection":[{"href":"https:\/\/archive.sana.sy\/es\/index.php?rest_route=\/wp\/v2\/posts"}],"about":[{"href":"https:\/\/archive.sana.sy\/es\/index.php?rest_route=\/wp\/v2\/types\/post"}],"author":[{"embeddable":true,"href":"https:\/\/archive.sana.sy\/es\/index.php?rest_route=\/wp\/v2\/users\/32"}],"replies":[{"embeddable":true,"href":"https:\/\/archive.sana.sy\/es\/index.php?rest_route=%2Fwp%2Fv2%2Fcomments&post=297561"}],"version-history":[{"count":3,"href":"https:\/\/archive.sana.sy\/es\/index.php?rest_route=\/wp\/v2\/posts\/297561\/revisions"}],"predecessor-version":[{"id":297567,"href":"https:\/\/archive.sana.sy\/es\/index.php?rest_route=\/wp\/v2\/posts\/297561\/revisions\/297567"}],"wp:featuredmedia":[{"embeddable":true,"href":"https:\/\/archive.sana.sy\/es\/index.php?rest_route=\/wp\/v2\/media\/297568"}],"wp:attachment":[{"href":"https:\/\/archive.sana.sy\/es\/index.php?rest_route=%2Fwp%2Fv2%2Fmedia&parent=297561"}],"wp:term":[{"taxonomy":"category","embeddable":true,"href":"https:\/\/archive.sana.sy\/es\/index.php?rest_route=%2Fwp%2Fv2%2Fcategories&post=297561"},{"taxonomy":"post_tag","embeddable":true,"href":"https:\/\/archive.sana.sy\/es\/index.php?rest_route=%2Fwp%2Fv2%2Ftags&post=297561"}],"curies":[{"name":"wp","href":"https:\/\/api.w.org\/{rel}","templated":true}]}}