{"id":297569,"date":"2023-05-15T15:32:07","date_gmt":"2023-05-15T12:32:07","guid":{"rendered":"http:\/\/sana.sy\/es\/?p=297569"},"modified":"2023-05-15T15:32:07","modified_gmt":"2023-05-15T12:32:07","slug":"canciller-irani-subraya-necesidad-de-apoyar-los-esfuerzos-de-reconstruccion-en-siria","status":"publish","type":"post","link":"https:\/\/archive.sana.sy\/es\/?p=297569","title":{"rendered":"Canciller iran\u00ed subraya necesidad de apoyar los esfuerzos de reconstrucci\u00f3n en Siria"},"content":{"rendered":"<p style=\"text-align: justify;\"><span style=\"color: #800000;\"><strong>Teher\u00e1n, 15 may (SANA)\u00a0<\/strong> <\/span>El ministro de Relaciones Exteriores de Ir\u00e1n, Hossein Amir Abdollahian, enfatiz\u00f3 la necesidad de que la comunidad internacional apoye los esfuerzos de reconstrucci\u00f3n en Siria.<\/p>\n<p style=\"text-align: justify;\">Los comentarios del jefe de la diplomacia iran\u00ed se produjeron en una reuni\u00f3n celebrada con el enviado especial de las Naciones Unidas para Siria, Geir Pedersen.<\/p>\n<p style=\"text-align: justify;\">Las dos partes trataron los \u00faltimos acontecimientos regionales e internacionales relacionados con Siria, en particular las recientes reuniones cuadrilaterales de Ir\u00e1n, Rusia, Siria y Turqu\u00eda, divulg\u00f3 la agencia de noticias IRNA.<\/p>\n<p style=\"text-align: justify;\">Consider\u00f3 que la exitosa visita realizada por el presidente iran\u00ed Ibrahim Raisi a Siria evidencia que esta naci\u00f3n levantina ha entrado en una fase de seguridad y estabilidad.<\/p>\n<p style=\"text-align: justify;\">Hizo un llamado a la comunidad internacional para que brinde apoyo a la reconstrucci\u00f3n y la creaci\u00f3n de condiciones apropiadas para el regreso de los refugiados sirios a su pa\u00eds.<\/p>\n<p style=\"text-align: justify;\">ed\/fm<\/p>\n","protected":false},"excerpt":{"rendered":"<p>Teher\u00e1n, 15 may (SANA)\u00a0 El ministro de Relaciones Exteriores de Ir\u00e1n, Hossein Amir Abdollahian, enfatiz\u00f3 la necesidad de que la comunidad internacional apoye los esfuerzos de reconstrucci\u00f3n en Siria. Los comentarios del jefe de la diplomacia iran\u00ed se produjeron en una reuni\u00f3n celebrada con el enviado especial de las Naciones Unidas para Siria, Geir Pedersen. &hellip;<\/p>\n","protected":false},"author":32,"featured_media":297570,"comment_status":"closed","ping_status":"closed","sticky":false,"template":"","format":"standard","meta":{"footnotes":""},"categories":[597,467,7541],"tags":[],"class_list":["post-297569","post","type-post","status-publish","format-standard","has-post-thumbnail","","category-cinta-de-noticias","category-siria-y-el-mundo","category-ultimas-noticias"],"_links":{"self":[{"href":"https:\/\/archive.sana.sy\/es\/index.php?rest_route=\/wp\/v2\/posts\/297569"}],"collection":[{"href":"https:\/\/archive.sana.sy\/es\/index.php?rest_route=\/wp\/v2\/posts"}],"about":[{"href":"https:\/\/archive.sana.sy\/es\/index.php?rest_route=\/wp\/v2\/types\/post"}],"author":[{"embeddable":true,"href":"https:\/\/archive.sana.sy\/es\/index.php?rest_route=\/wp\/v2\/users\/32"}],"replies":[{"embeddable":true,"href":"https:\/\/archive.sana.sy\/es\/index.php?rest_route=%2Fwp%2Fv2%2Fcomments&post=297569"}],"version-history":[{"count":1,"href":"https:\/\/archive.sana.sy\/es\/index.php?rest_route=\/wp\/v2\/posts\/297569\/revisions"}],"predecessor-version":[{"id":297571,"href":"https:\/\/archive.sana.sy\/es\/index.php?rest_route=\/wp\/v2\/posts\/297569\/revisions\/297571"}],"wp:featuredmedia":[{"embeddable":true,"href":"https:\/\/archive.sana.sy\/es\/index.php?rest_route=\/wp\/v2\/media\/297570"}],"wp:attachment":[{"href":"https:\/\/archive.sana.sy\/es\/index.php?rest_route=%2Fwp%2Fv2%2Fmedia&parent=297569"}],"wp:term":[{"taxonomy":"category","embeddable":true,"href":"https:\/\/archive.sana.sy\/es\/index.php?rest_route=%2Fwp%2Fv2%2Fcategories&post=297569"},{"taxonomy":"post_tag","embeddable":true,"href":"https:\/\/archive.sana.sy\/es\/index.php?rest_route=%2Fwp%2Fv2%2Ftags&post=297569"}],"curies":[{"name":"wp","href":"https:\/\/api.w.org\/{rel}","templated":true}]}}