{"id":297776,"date":"2023-05-17T18:45:24","date_gmt":"2023-05-17T15:45:24","guid":{"rendered":"http:\/\/sana.sy\/es\/?p=297776"},"modified":"2023-05-17T18:47:30","modified_gmt":"2023-05-17T15:47:30","slug":"inicia-reunion-de-cancilleres-arabe-con-la-participacion-de-siria","status":"publish","type":"post","link":"https:\/\/archive.sana.sy\/es\/?p=297776","title":{"rendered":"Canciller sirio presente en reuni\u00f3n de cancilleres \u00e1rabes por primera vez en 12 a\u00f1os"},"content":{"rendered":"<blockquote>\n<p style=\"text-align: justify\"><span style=\"color: #800000\">Los cancilleres de Argelia y Arabia Saudita saludaron la reanudaci\u00f3n de la participaci\u00f3n de Siria en las reuniones de la Liga \u00c1rabe, y consideran que las misma repercutir\u00e1 positivamente en el fortalecimiento de la acci\u00f3n \u00e1rabe conjunta<\/span><\/p>\n<\/blockquote>\n<p style=\"text-align: justify\"><span style=\"color: #800000\"><strong>Yeda, 17 may (SANA)<\/strong><\/span>\u00a0 \u00a0Con la participaci\u00f3n de Siria, inici\u00f3 hoy la Reuni\u00f3n de Cancilleres \u00c1rabes previa a la cumbre de jefes de estado y gobierno \u00e1rabes programada para el pr\u00f3ximo viernes en la ciudad de Yeda, Arabia Saudita.<\/p>\n<p><strong><span style=\"color: #000080\">Argelia saluda reanudaci\u00f3n de la participaci\u00f3n de Siria en las reuniones de la Liga \u00c1rabe<\/span><\/strong><\/p>\n<p style=\"text-align: justify\">En su intervenci\u00f3n, el ministro de Asuntos Exteriores de Argelia, Ahmed Ataf, salud\u00f3 la reanudaci\u00f3n de la participaci\u00f3n de Siria en las reuniones de la Liga \u00c1rabe, y consider\u00f3 que la misma repercutir\u00e1 positivamente en el fortalecimiento de la acci\u00f3n \u00e1rabe conjunta.<\/p>\n<p style=\"text-align: justify\">\u201cEs necesario intensificar los esfuerzos para fortalecer la acci\u00f3n \u00e1rabe conjunta y neutralizar las tensiones marginales que dividen a nuestros pa\u00edses\u201d, dijo el canciller argelino.<\/p>\n<p style=\"text-align: justify\">Agreg\u00f3 que las transformaciones que el mundo est\u00e1 presenciando actualmente y la remodelaci\u00f3n del equilibrio de poder nos obligan a estudiar las formas de adaptarnos a las mismas y contribuir como un grupo unificado a un sistema de relaciones internacionales basado en la igualdad de soberan\u00eda y el equilibrio de intereses.<\/p>\n<p style=\"text-align: justify\"><img loading=\"lazy\" decoding=\"async\" class=\"size-medium wp-image-297810 alignleft\" src=\"http:\/\/sana.sy\/es\/wp-content\/uploads\/2023\/05\/Cancilleres-arabes.jpeg-300x200.jpg\" alt=\"\" width=\"300\" height=\"200\" srcset=\"https:\/\/archive.sana.sy\/es\/wp-content\/uploads\/2023\/05\/Cancilleres-arabes.jpeg-300x200.jpg 300w, https:\/\/archive.sana.sy\/es\/wp-content\/uploads\/2023\/05\/Cancilleres-arabes.jpeg-1024x682.jpg 1024w, https:\/\/archive.sana.sy\/es\/wp-content\/uploads\/2023\/05\/Cancilleres-arabes.jpeg-150x100.jpg 150w, https:\/\/archive.sana.sy\/es\/wp-content\/uploads\/2023\/05\/Cancilleres-arabes.jpeg-768x511.jpg 768w, https:\/\/archive.sana.sy\/es\/wp-content\/uploads\/2023\/05\/Cancilleres-arabes.jpeg.jpg 1200w\" sizes=\"(max-width: 300px) 100vw, 300px\" \/>Las agresiones israel\u00edes contra los palestinos nos exigen redoblar esfuerzos para trabajar con el fin de recuperar los derechos del pueblo palestino, el principal de los cuales es su derecho a establecer su estado independiente con Jerusal\u00e9n como su capital, dijo el jefe de la diplomacia argelina.<\/p>\n<p style=\"text-align: justify\">A su vez, el ministro de Relaciones Exteriores de Arabia Saudita, el pr\u00edncipe Faisal bin Farhan Al Saud, acogi\u00f3 con benepl\u00e1cito la participaci\u00f3n de Siria y asegur\u00f3 que el mundo atraviesa desaf\u00edos que requieren que nos unamos para enfrentarlos.<\/p>\n<p style=\"text-align: justify\"><span style=\"color: #000080\"><strong>Abu Al-Gheit: hay que trabajar en un bloque que de peso a las posiciones \u00e1rabes<\/strong><\/span><\/p>\n<p style=\"text-align: justify\">De igual manera, el Secretario General de la Liga \u00c1rabe, Ahmed Abu Al-Gheit dio la bienvenida al canciller sirio Faisal Al-Mekdad y salud\u00f3 el regreso de la Rep\u00fablica \u00c1rabe Siria a ocupar su asiento en la Liga \u00c1rabe. Tambi\u00e9n, esper\u00f3 que el regreso de Siria a la Liga \u00c1rabe sea un preludio para poner fin a la crisis en esta naci\u00f3n.<\/p>\n<p style=\"text-align: justify\">Abu Al-Gheit llam\u00f3 a trabajar como un bloque, ya que esto es lo que da peso a las posiciones \u00e1rabes y proporciona un paraguas protector para la regi\u00f3n en medio de los cambios internacionales.<\/p>\n<p style=\"text-align: justify\">Siria es un pa\u00eds que ha dado un aporte importante cultural a la regi\u00f3n a lo largo de la historia y es un pa\u00eds fundador de la Liga \u00e1rabe, y todos esperamos fortalecer su papel y presencia, indic\u00f3.<\/p>\n<p style=\"text-align: justify\">fm\/ws<\/p>\n","protected":false},"excerpt":{"rendered":"<p>Los cancilleres de Argelia y Arabia Saudita saludaron la reanudaci\u00f3n de la participaci\u00f3n de Siria en las reuniones de la Liga \u00c1rabe, y consideran que las misma repercutir\u00e1 positivamente en el fortalecimiento de la acci\u00f3n \u00e1rabe conjunta Yeda, 17 may (SANA)\u00a0 \u00a0Con la participaci\u00f3n de Siria, inici\u00f3 hoy la Reuni\u00f3n de Cancilleres \u00c1rabes previa a &hellip;<\/p>\n","protected":false},"author":35,"featured_media":297777,"comment_status":"closed","ping_status":"closed","sticky":false,"template":"","format":"standard","meta":{"footnotes":""},"categories":[447,477,597,20724,467,583],"tags":[20333,6553,22082],"class_list":["post-297776","post","type-post","status-publish","format-standard","has-post-thumbnail","","category-local-politica","category-noticias-edulcorantes","category-cinta-de-noticias","category-minuto-a-minuto","category-siria-y-el-mundo","category-slide","tag-cumbre-arabe","tag-siria","tag-yeda"],"_links":{"self":[{"href":"https:\/\/archive.sana.sy\/es\/index.php?rest_route=\/wp\/v2\/posts\/297776"}],"collection":[{"href":"https:\/\/archive.sana.sy\/es\/index.php?rest_route=\/wp\/v2\/posts"}],"about":[{"href":"https:\/\/archive.sana.sy\/es\/index.php?rest_route=\/wp\/v2\/types\/post"}],"author":[{"embeddable":true,"href":"https:\/\/archive.sana.sy\/es\/index.php?rest_route=\/wp\/v2\/users\/35"}],"replies":[{"embeddable":true,"href":"https:\/\/archive.sana.sy\/es\/index.php?rest_route=%2Fwp%2Fv2%2Fcomments&post=297776"}],"version-history":[{"count":9,"href":"https:\/\/archive.sana.sy\/es\/index.php?rest_route=\/wp\/v2\/posts\/297776\/revisions"}],"predecessor-version":[{"id":297816,"href":"https:\/\/archive.sana.sy\/es\/index.php?rest_route=\/wp\/v2\/posts\/297776\/revisions\/297816"}],"wp:featuredmedia":[{"embeddable":true,"href":"https:\/\/archive.sana.sy\/es\/index.php?rest_route=\/wp\/v2\/media\/297777"}],"wp:attachment":[{"href":"https:\/\/archive.sana.sy\/es\/index.php?rest_route=%2Fwp%2Fv2%2Fmedia&parent=297776"}],"wp:term":[{"taxonomy":"category","embeddable":true,"href":"https:\/\/archive.sana.sy\/es\/index.php?rest_route=%2Fwp%2Fv2%2Fcategories&post=297776"},{"taxonomy":"post_tag","embeddable":true,"href":"https:\/\/archive.sana.sy\/es\/index.php?rest_route=%2Fwp%2Fv2%2Ftags&post=297776"}],"curies":[{"name":"wp","href":"https:\/\/api.w.org\/{rel}","templated":true}]}}