{"id":297781,"date":"2023-05-17T18:46:13","date_gmt":"2023-05-17T15:46:13","guid":{"rendered":"http:\/\/sana.sy\/es\/?p=297781"},"modified":"2023-05-17T18:46:34","modified_gmt":"2023-05-17T15:46:34","slug":"canciller-sirio-insta-por-un-papel-arabe-efectivo-que-impulse-el-retorno-de-refugiados-sirios","status":"publish","type":"post","link":"https:\/\/archive.sana.sy\/es\/?p=297781","title":{"rendered":"Canciller sirio insta por un papel \u00e1rabe efectivo que impulse el retorno de refugiados sirios"},"content":{"rendered":"<blockquote>\n<p style=\"text-align: justify\"><span style=\"color: #800000\">\u201cTrabajamos juntos con nuestros hermanos \u00e1rabes, quienes dieron la bienvenida al rol sirio y no hay diferencias sobre las cuestiones relacionadas con Siria\u201d<\/span><\/p>\n<\/blockquote>\n<p style=\"text-align: justify\"><span style=\"color: #800000\"><strong>Jeda, 17 may (SANA)<\/strong><\/span> \u201cTrabajamos juntos con nuestros hermanos \u00e1rabes, quienes dieron la bienvenida al rol sirio y no hay diferencias sobre las cuestiones relacionadas con Siria\u201d, declar\u00f3 hoy el ministro de Asuntos Exteriores y Expatriados de Siria, Faisal Al-Mekdad, tras la reuni\u00f3n de cancilleres \u00e1rabes previa a la cumbre \u00e1rabe.<\/p>\n<p style=\"text-align: justify\">Asegur\u00f3 que \u201ctodos los proyectos y leyes presentados durante la cita reflejaron nuestros puntos de vista para superar la crisis y respetar el papel desempe\u00f1ado por Siria a nivel regional e internacional\u201d.<\/p>\n<p style=\"text-align: justify\"><img loading=\"lazy\" decoding=\"async\" class=\"size-medium wp-image-297806 alignleft\" src=\"http:\/\/sana.sy\/es\/wp-content\/uploads\/2023\/05\/000-8-300x202.jpg\" alt=\"\" width=\"300\" height=\"202\" srcset=\"https:\/\/archive.sana.sy\/es\/wp-content\/uploads\/2023\/05\/000-8-300x202.jpg 300w, https:\/\/archive.sana.sy\/es\/wp-content\/uploads\/2023\/05\/000-8-150x101.jpg 150w, https:\/\/archive.sana.sy\/es\/wp-content\/uploads\/2023\/05\/000-8-110x75.jpg 110w, https:\/\/archive.sana.sy\/es\/wp-content\/uploads\/2023\/05\/000-8.jpg 660w\" sizes=\"(max-width: 300px) 100vw, 300px\" \/>Nos sentimos bien en las reuniones y damos la bienvenida a cualquier papel \u00e1rabe que logre los objetivos de la acci\u00f3n \u00e1rabe conjunta, explic\u00f3.<\/p>\n<p style=\"text-align: justify\">Asimismo, esper\u00f3 que el papel \u00e1rabe sea efectivo en el contexto de ayudar a los refugiados sirios a regresar a su pa\u00eds.<br \/>\n\u201cNo hay duda de que el proceso de reconstrucci\u00f3n facilitar\u00e1 el regreso de estos refugiados\u201d, agreg\u00f3 el jefe de la diplomacia siria.<\/p>\n<p style=\"text-align: justify\">Agradeci\u00f3 al Reino de Arabia Saudita por el papel que ha jugado durante los \u00faltimos meses para activar la acci\u00f3n \u00e1rabe conjunta.<\/p>\n<p>Al-Mekdad confirm\u00f3 que Siria estar\u00e1 presente en la cumbre de jefes de estado y gobierno que se celebrar\u00e1 el pr\u00f3ximo viernes.<\/p>\n<p style=\"text-align: justify\"><strong>fm\/ws<\/strong><\/p>\n","protected":false},"excerpt":{"rendered":"<p>\u201cTrabajamos juntos con nuestros hermanos \u00e1rabes, quienes dieron la bienvenida al rol sirio y no hay diferencias sobre las cuestiones relacionadas con Siria\u201d Jeda, 17 may (SANA) \u201cTrabajamos juntos con nuestros hermanos \u00e1rabes, quienes dieron la bienvenida al rol sirio y no hay diferencias sobre las cuestiones relacionadas con Siria\u201d, declar\u00f3 hoy el ministro de &hellip;<\/p>\n","protected":false},"author":35,"featured_media":297782,"comment_status":"closed","ping_status":"closed","sticky":false,"template":"","format":"standard","meta":{"footnotes":""},"categories":[447,477,597,20724,476,467,583],"tags":[],"class_list":["post-297781","post","type-post","status-publish","format-standard","has-post-thumbnail","","category-local-politica","category-noticias-edulcorantes","category-cinta-de-noticias","category-minuto-a-minuto","category-locales","category-siria-y-el-mundo","category-slide"],"_links":{"self":[{"href":"https:\/\/archive.sana.sy\/es\/index.php?rest_route=\/wp\/v2\/posts\/297781"}],"collection":[{"href":"https:\/\/archive.sana.sy\/es\/index.php?rest_route=\/wp\/v2\/posts"}],"about":[{"href":"https:\/\/archive.sana.sy\/es\/index.php?rest_route=\/wp\/v2\/types\/post"}],"author":[{"embeddable":true,"href":"https:\/\/archive.sana.sy\/es\/index.php?rest_route=\/wp\/v2\/users\/35"}],"replies":[{"embeddable":true,"href":"https:\/\/archive.sana.sy\/es\/index.php?rest_route=%2Fwp%2Fv2%2Fcomments&post=297781"}],"version-history":[{"count":7,"href":"https:\/\/archive.sana.sy\/es\/index.php?rest_route=\/wp\/v2\/posts\/297781\/revisions"}],"predecessor-version":[{"id":297823,"href":"https:\/\/archive.sana.sy\/es\/index.php?rest_route=\/wp\/v2\/posts\/297781\/revisions\/297823"}],"wp:featuredmedia":[{"embeddable":true,"href":"https:\/\/archive.sana.sy\/es\/index.php?rest_route=\/wp\/v2\/media\/297782"}],"wp:attachment":[{"href":"https:\/\/archive.sana.sy\/es\/index.php?rest_route=%2Fwp%2Fv2%2Fmedia&parent=297781"}],"wp:term":[{"taxonomy":"category","embeddable":true,"href":"https:\/\/archive.sana.sy\/es\/index.php?rest_route=%2Fwp%2Fv2%2Fcategories&post=297781"},{"taxonomy":"post_tag","embeddable":true,"href":"https:\/\/archive.sana.sy\/es\/index.php?rest_route=%2Fwp%2Fv2%2Ftags&post=297781"}],"curies":[{"name":"wp","href":"https:\/\/api.w.org\/{rel}","templated":true}]}}