{"id":297824,"date":"2023-05-17T18:54:52","date_gmt":"2023-05-17T15:54:52","guid":{"rendered":"http:\/\/sana.sy\/es\/?p=297824"},"modified":"2023-05-17T18:54:52","modified_gmt":"2023-05-17T15:54:52","slug":"pueblo-jordano-dona-10-caravanas-a-los-afectados-por-el-terremoto-en-latakia","status":"publish","type":"post","link":"https:\/\/archive.sana.sy\/es\/?p=297824","title":{"rendered":"Pueblo jordano dona 10 caravanas a los afectados por el terremoto en Latakia"},"content":{"rendered":"<p style=\"text-align: justify\"><span style=\"color: #800000\"><strong>Latakia, 17 may (SANA)<\/strong><\/span> El Fondo Sirio para el Desarrollo recibi\u00f3 este mi\u00e9rcoles 10 caravanas de la asociaci\u00f3n jordana &#8220;Musulmanes de Todo el Mundo&#8221;.<\/p>\n<p style=\"text-align: justify\">Estas habitaciones prefabricadas se pondr\u00e1n a disposici\u00f3n del Subcomit\u00e9 de Ayuda en la Gobernaci\u00f3n de Latakia, y van en el marco de los esfuerzos destinados a apoyar a las v\u00edctimas del terremoto que devast\u00f3 varias provincias sirias, incluida la costera Latakia.<\/p>\n<p style=\"text-align: justify\">Muhammad al-Yaghbir, portavoz del despacho de prensa la asociaci\u00f3n jordana explic\u00f3 que estas 10 caravanas forman el primer lote de un total de 60 caravanas que llegar\u00e1n a Siria paulatinamente.<\/p>\n<p style=\"text-align: justify\">\u201cLa asociaci\u00f3n opt\u00f3 por no limitar la ayuda a solo alimentaria, y esta participaci\u00f3n consiste en donar habitaciones prefabricadas bien equipadas para dar techo a las familias desplazadas por la cat\u00e1strofe natural\u201d, marc\u00f3.<\/p>\n<p>&nbsp;<\/p>\n<div id='gallery-1' class='gallery galleryid-297824 gallery-columns-1 gallery-size-full'><figure class='gallery-item'>\n\t\t\t<div class='gallery-icon landscape'>\n\t\t\t\t<a href='https:\/\/archive.sana.sy\/es\/wp-content\/uploads\/2023\/05\/Caravanas-donadas-por-el-pueblo-jordano-a-afectados-del-terremoto-en-Latakia-1.jpeg'><img loading=\"lazy\" decoding=\"async\" width=\"660\" height=\"440\" src=\"https:\/\/archive.sana.sy\/es\/wp-content\/uploads\/2023\/05\/Caravanas-donadas-por-el-pueblo-jordano-a-afectados-del-terremoto-en-Latakia-1.jpeg\" class=\"attachment-full size-full\" alt=\"\" srcset=\"https:\/\/archive.sana.sy\/es\/wp-content\/uploads\/2023\/05\/Caravanas-donadas-por-el-pueblo-jordano-a-afectados-del-terremoto-en-Latakia-1.jpeg 660w, https:\/\/archive.sana.sy\/es\/wp-content\/uploads\/2023\/05\/Caravanas-donadas-por-el-pueblo-jordano-a-afectados-del-terremoto-en-Latakia-1-300x200.jpeg 300w, https:\/\/archive.sana.sy\/es\/wp-content\/uploads\/2023\/05\/Caravanas-donadas-por-el-pueblo-jordano-a-afectados-del-terremoto-en-Latakia-1-150x100.jpeg 150w\" sizes=\"(max-width: 660px) 100vw, 660px\" \/><\/a>\n\t\t\t<\/div><\/figure><figure class='gallery-item'>\n\t\t\t<div class='gallery-icon landscape'>\n\t\t\t\t<a href='https:\/\/archive.sana.sy\/es\/wp-content\/uploads\/2023\/05\/Caravanas-donadas-por-el-pueblo-jordano-a-afectados-del-terremoto-en-Latakia-3-1.jpeg'><img loading=\"lazy\" decoding=\"async\" width=\"660\" height=\"404\" src=\"https:\/\/archive.sana.sy\/es\/wp-content\/uploads\/2023\/05\/Caravanas-donadas-por-el-pueblo-jordano-a-afectados-del-terremoto-en-Latakia-3-1.jpeg\" class=\"attachment-full size-full\" alt=\"\" srcset=\"https:\/\/archive.sana.sy\/es\/wp-content\/uploads\/2023\/05\/Caravanas-donadas-por-el-pueblo-jordano-a-afectados-del-terremoto-en-Latakia-3-1.jpeg 660w, https:\/\/archive.sana.sy\/es\/wp-content\/uploads\/2023\/05\/Caravanas-donadas-por-el-pueblo-jordano-a-afectados-del-terremoto-en-Latakia-3-1-300x184.jpeg 300w, https:\/\/archive.sana.sy\/es\/wp-content\/uploads\/2023\/05\/Caravanas-donadas-por-el-pueblo-jordano-a-afectados-del-terremoto-en-Latakia-3-1-150x92.jpeg 150w\" sizes=\"(max-width: 660px) 100vw, 660px\" \/><\/a>\n\t\t\t<\/div><\/figure><figure class='gallery-item'>\n\t\t\t<div class='gallery-icon landscape'>\n\t\t\t\t<a href='https:\/\/archive.sana.sy\/es\/wp-content\/uploads\/2023\/05\/Caravanas-donadas-por-el-pueblo-jordano-a-afectados-del-terremoto-en-Latakia-2.jpeg'><img loading=\"lazy\" decoding=\"async\" width=\"660\" height=\"440\" src=\"https:\/\/archive.sana.sy\/es\/wp-content\/uploads\/2023\/05\/Caravanas-donadas-por-el-pueblo-jordano-a-afectados-del-terremoto-en-Latakia-2.jpeg\" class=\"attachment-full size-full\" alt=\"\" srcset=\"https:\/\/archive.sana.sy\/es\/wp-content\/uploads\/2023\/05\/Caravanas-donadas-por-el-pueblo-jordano-a-afectados-del-terremoto-en-Latakia-2.jpeg 660w, https:\/\/archive.sana.sy\/es\/wp-content\/uploads\/2023\/05\/Caravanas-donadas-por-el-pueblo-jordano-a-afectados-del-terremoto-en-Latakia-2-300x200.jpeg 300w, https:\/\/archive.sana.sy\/es\/wp-content\/uploads\/2023\/05\/Caravanas-donadas-por-el-pueblo-jordano-a-afectados-del-terremoto-en-Latakia-2-150x100.jpeg 150w\" sizes=\"(max-width: 660px) 100vw, 660px\" \/><\/a>\n\t\t\t<\/div><\/figure><figure class='gallery-item'>\n\t\t\t<div class='gallery-icon landscape'>\n\t\t\t\t<a href='https:\/\/archive.sana.sy\/es\/wp-content\/uploads\/2023\/05\/Caravanas-donadas-por-el-pueblo-jordano-a-afectados-del-terremoto-en-Latakia-3.jpeg'><img loading=\"lazy\" decoding=\"async\" width=\"660\" height=\"330\" src=\"https:\/\/archive.sana.sy\/es\/wp-content\/uploads\/2023\/05\/Caravanas-donadas-por-el-pueblo-jordano-a-afectados-del-terremoto-en-Latakia-3.jpeg\" class=\"attachment-full size-full\" alt=\"\" srcset=\"https:\/\/archive.sana.sy\/es\/wp-content\/uploads\/2023\/05\/Caravanas-donadas-por-el-pueblo-jordano-a-afectados-del-terremoto-en-Latakia-3.jpeg 660w, https:\/\/archive.sana.sy\/es\/wp-content\/uploads\/2023\/05\/Caravanas-donadas-por-el-pueblo-jordano-a-afectados-del-terremoto-en-Latakia-3-300x150.jpeg 300w, https:\/\/archive.sana.sy\/es\/wp-content\/uploads\/2023\/05\/Caravanas-donadas-por-el-pueblo-jordano-a-afectados-del-terremoto-en-Latakia-3-150x75.jpeg 150w\" sizes=\"(max-width: 660px) 100vw, 660px\" \/><\/a>\n\t\t\t<\/div><\/figure>\n\t\t<\/div>\n\n<p style=\"text-align: justify\">\nla<\/p>\n","protected":false},"excerpt":{"rendered":"<p>Latakia, 17 may (SANA) El Fondo Sirio para el Desarrollo recibi\u00f3 este mi\u00e9rcoles 10 caravanas de la asociaci\u00f3n jordana &#8220;Musulmanes de Todo el Mundo&#8221;. Estas habitaciones prefabricadas se pondr\u00e1n a disposici\u00f3n del Subcomit\u00e9 de Ayuda en la Gobernaci\u00f3n de Latakia, y van en el marco de los esfuerzos destinados a apoyar a las v\u00edctimas del &hellip;<\/p>\n","protected":false},"author":24,"featured_media":297825,"comment_status":"closed","ping_status":"closed","sticky":false,"template":"","format":"standard","meta":{"footnotes":""},"categories":[447,597,476,448,7541],"tags":[22083,22084,2547,17700],"class_list":["post-297824","post","type-post","status-publish","format-standard","has-post-thumbnail","","category-local-politica","category-cinta-de-noticias","category-locales","category-noticias","category-ultimas-noticias","tag-ayuda-jordana","tag-carvanas","tag-latakia","tag-terremoto"],"_links":{"self":[{"href":"https:\/\/archive.sana.sy\/es\/index.php?rest_route=\/wp\/v2\/posts\/297824"}],"collection":[{"href":"https:\/\/archive.sana.sy\/es\/index.php?rest_route=\/wp\/v2\/posts"}],"about":[{"href":"https:\/\/archive.sana.sy\/es\/index.php?rest_route=\/wp\/v2\/types\/post"}],"author":[{"embeddable":true,"href":"https:\/\/archive.sana.sy\/es\/index.php?rest_route=\/wp\/v2\/users\/24"}],"replies":[{"embeddable":true,"href":"https:\/\/archive.sana.sy\/es\/index.php?rest_route=%2Fwp%2Fv2%2Fcomments&post=297824"}],"version-history":[{"count":1,"href":"https:\/\/archive.sana.sy\/es\/index.php?rest_route=\/wp\/v2\/posts\/297824\/revisions"}],"predecessor-version":[{"id":297830,"href":"https:\/\/archive.sana.sy\/es\/index.php?rest_route=\/wp\/v2\/posts\/297824\/revisions\/297830"}],"wp:featuredmedia":[{"embeddable":true,"href":"https:\/\/archive.sana.sy\/es\/index.php?rest_route=\/wp\/v2\/media\/297825"}],"wp:attachment":[{"href":"https:\/\/archive.sana.sy\/es\/index.php?rest_route=%2Fwp%2Fv2%2Fmedia&parent=297824"}],"wp:term":[{"taxonomy":"category","embeddable":true,"href":"https:\/\/archive.sana.sy\/es\/index.php?rest_route=%2Fwp%2Fv2%2Fcategories&post=297824"},{"taxonomy":"post_tag","embeddable":true,"href":"https:\/\/archive.sana.sy\/es\/index.php?rest_route=%2Fwp%2Fv2%2Ftags&post=297824"}],"curies":[{"name":"wp","href":"https:\/\/api.w.org\/{rel}","templated":true}]}}