{"id":297983,"date":"2023-05-18T21:13:18","date_gmt":"2023-05-18T18:13:18","guid":{"rendered":"http:\/\/sana.sy\/es\/?p=297983"},"modified":"2023-05-18T21:13:18","modified_gmt":"2023-05-18T18:13:18","slug":"siria-participo-en-reunion-del-comite-permanente-de-asuntos-economicos-y-desarrollo-sostenible-en-bahrein","status":"publish","type":"post","link":"https:\/\/archive.sana.sy\/es\/?p=297983","title":{"rendered":"Siria particip\u00f3 en reuni\u00f3n del Comit\u00e9 Permanente de Asuntos Econ\u00f3micos y Desarrollo Sostenible en Bahr\u00e9in"},"content":{"rendered":"<p style=\"text-align: justify;\"><span style=\"color: #800000;\"><strong>Manama, 18 may (SANA)<\/strong> <\/span>Por invitaci\u00f3n de la Asamblea Parlamentaria de Asia, una delegaci\u00f3n de la Asamblea del Pueblo (parlamento) particip\u00f3 en la reuni\u00f3n del Comit\u00e9 Permanente de Asuntos Econ\u00f3micos y Desarrollo Sostenible en la capital de Bahr\u00e9in, Manama.<\/p>\n<p style=\"text-align: justify;\">Durante la reuni\u00f3n, celebrada los d\u00edas 16 y 17 del mes en curso con la participaci\u00f3n de 23 parlamentos asi\u00e1ticos de los Estados miembros, se debatieron ocho proyectos de resoluci\u00f3n, incluido establecer un mercado energ\u00e9tico asi\u00e1tico, asegurar los esfuerzos para el crecimiento, un proyecto de resoluci\u00f3n sobre cuestiones ambientales y otro sobre erradicaci\u00f3n de la pobreza.<\/p>\n<p style=\"text-align: justify;\">Asimismo, los parlamentarios analizaron el papel de los parlamentos asi\u00e1ticos en la implementaci\u00f3n de los Objetivos de Desarrollo Sostenible y la adopci\u00f3n de una hoja de ruta para estimular las finanzas verdes, la Iniciativa Clim\u00e1tica de Finanzas Asi\u00e1ticas y el agua y el saneamiento para todos en Asia.<\/p>\n<p style=\"text-align: justify;\">Durante sus intervenciones, la delegaci\u00f3n del Parlamento sirio subray\u00f3 que Siria avanza constantemente hacia el logro de los objetivos del desarrollo sostenible, incluida la erradicaci\u00f3n de la pobreza y la preservaci\u00f3n del medio ambiente.<\/p>\n<p style=\"text-align: justify;\"><em><strong>ah\/fm<\/strong><\/em><\/p>\n","protected":false},"excerpt":{"rendered":"<p>Manama, 18 may (SANA) Por invitaci\u00f3n de la Asamblea Parlamentaria de Asia, una delegaci\u00f3n de la Asamblea del Pueblo (parlamento) particip\u00f3 en la reuni\u00f3n del Comit\u00e9 Permanente de Asuntos Econ\u00f3micos y Desarrollo Sostenible en la capital de Bahr\u00e9in, Manama. Durante la reuni\u00f3n, celebrada los d\u00edas 16 y 17 del mes en curso con la participaci\u00f3n &hellip;<\/p>\n","protected":false},"author":30,"featured_media":297984,"comment_status":"closed","ping_status":"closed","sticky":false,"template":"","format":"standard","meta":{"footnotes":""},"categories":[597,467,7541],"tags":[],"class_list":["post-297983","post","type-post","status-publish","format-standard","has-post-thumbnail","","category-cinta-de-noticias","category-siria-y-el-mundo","category-ultimas-noticias"],"_links":{"self":[{"href":"https:\/\/archive.sana.sy\/es\/index.php?rest_route=\/wp\/v2\/posts\/297983"}],"collection":[{"href":"https:\/\/archive.sana.sy\/es\/index.php?rest_route=\/wp\/v2\/posts"}],"about":[{"href":"https:\/\/archive.sana.sy\/es\/index.php?rest_route=\/wp\/v2\/types\/post"}],"author":[{"embeddable":true,"href":"https:\/\/archive.sana.sy\/es\/index.php?rest_route=\/wp\/v2\/users\/30"}],"replies":[{"embeddable":true,"href":"https:\/\/archive.sana.sy\/es\/index.php?rest_route=%2Fwp%2Fv2%2Fcomments&post=297983"}],"version-history":[{"count":1,"href":"https:\/\/archive.sana.sy\/es\/index.php?rest_route=\/wp\/v2\/posts\/297983\/revisions"}],"predecessor-version":[{"id":297985,"href":"https:\/\/archive.sana.sy\/es\/index.php?rest_route=\/wp\/v2\/posts\/297983\/revisions\/297985"}],"wp:featuredmedia":[{"embeddable":true,"href":"https:\/\/archive.sana.sy\/es\/index.php?rest_route=\/wp\/v2\/media\/297984"}],"wp:attachment":[{"href":"https:\/\/archive.sana.sy\/es\/index.php?rest_route=%2Fwp%2Fv2%2Fmedia&parent=297983"}],"wp:term":[{"taxonomy":"category","embeddable":true,"href":"https:\/\/archive.sana.sy\/es\/index.php?rest_route=%2Fwp%2Fv2%2Fcategories&post=297983"},{"taxonomy":"post_tag","embeddable":true,"href":"https:\/\/archive.sana.sy\/es\/index.php?rest_route=%2Fwp%2Fv2%2Ftags&post=297983"}],"curies":[{"name":"wp","href":"https:\/\/api.w.org\/{rel}","templated":true}]}}