{"id":29800,"date":"2015-09-10T14:18:25","date_gmt":"2015-09-10T11:18:25","guid":{"rendered":"http:\/\/sana.sy\/es\/?p=29800"},"modified":"2015-09-10T14:18:25","modified_gmt":"2015-09-10T11:18:25","slug":"terroristas-atacan-con-morteros-al-poblado-de-saan-en-hama","status":"publish","type":"post","link":"https:\/\/archive.sana.sy\/es\/?p=29800","title":{"rendered":"Terroristas atacan con morteros al poblado de Saan en Hama"},"content":{"rendered":"<p><span style=\"color: #800000\">Hama, SANA<\/span><\/p>\n<p>Considerables da\u00f1os materiales se produjeron en los hogares de los ciudadanos y de sus bienes a consecuencia de ataques con proyectiles de mortero lanzados por las organizaciones terroristas contra el poblado de Saan en el campo nordeste de la provincia de Hama.<\/p>\n<p>Una fuente en la comandancia de polic\u00eda de Hama declar\u00f3 que las &#8220;organizaciones terroristas dispararon m\u00e1s de 20 obuses de mortero contra el poblado de Saan, ubicado a 40 km al norte de la ciudad de Salamieh.<\/p>\n<p>Se despliegan en el campo este de la provincia central de Hama organizaciones wahab\u00edes apoyadas por los reg\u00edmenes de Qatar y Arabia Saudita, y atentan contra la gente de los pueblos vecinos.<\/p>\n<p><span style=\"color: #00ccff\">Fady M., Hala B.<\/span><\/p>\n","protected":false},"excerpt":{"rendered":"<p>Hama, SANA Considerables da\u00f1os materiales se produjeron en los hogares de los ciudadanos y de sus bienes a consecuencia de ataques con proyectiles de mortero lanzados por las organizaciones terroristas contra el poblado de Saan en el campo nordeste de la provincia de Hama. Una fuente en la comandancia de polic\u00eda de Hama declar\u00f3 que &hellip;<\/p>\n","protected":false},"author":1,"featured_media":29195,"comment_status":"closed","ping_status":"closed","sticky":false,"template":"","format":"standard","meta":{"footnotes":""},"categories":[597,476],"tags":[],"class_list":["post-29800","post","type-post","status-publish","format-standard","has-post-thumbnail","","category-cinta-de-noticias","category-locales"],"_links":{"self":[{"href":"https:\/\/archive.sana.sy\/es\/index.php?rest_route=\/wp\/v2\/posts\/29800"}],"collection":[{"href":"https:\/\/archive.sana.sy\/es\/index.php?rest_route=\/wp\/v2\/posts"}],"about":[{"href":"https:\/\/archive.sana.sy\/es\/index.php?rest_route=\/wp\/v2\/types\/post"}],"author":[{"embeddable":true,"href":"https:\/\/archive.sana.sy\/es\/index.php?rest_route=\/wp\/v2\/users\/1"}],"replies":[{"embeddable":true,"href":"https:\/\/archive.sana.sy\/es\/index.php?rest_route=%2Fwp%2Fv2%2Fcomments&post=29800"}],"version-history":[{"count":0,"href":"https:\/\/archive.sana.sy\/es\/index.php?rest_route=\/wp\/v2\/posts\/29800\/revisions"}],"wp:featuredmedia":[{"embeddable":true,"href":"https:\/\/archive.sana.sy\/es\/index.php?rest_route=\/wp\/v2\/media\/29195"}],"wp:attachment":[{"href":"https:\/\/archive.sana.sy\/es\/index.php?rest_route=%2Fwp%2Fv2%2Fmedia&parent=29800"}],"wp:term":[{"taxonomy":"category","embeddable":true,"href":"https:\/\/archive.sana.sy\/es\/index.php?rest_route=%2Fwp%2Fv2%2Fcategories&post=29800"},{"taxonomy":"post_tag","embeddable":true,"href":"https:\/\/archive.sana.sy\/es\/index.php?rest_route=%2Fwp%2Fv2%2Ftags&post=29800"}],"curies":[{"name":"wp","href":"https:\/\/api.w.org\/{rel}","templated":true}]}}