{"id":29805,"date":"2015-09-10T15:58:12","date_gmt":"2015-09-10T12:58:12","guid":{"rendered":"http:\/\/sana.sy\/es\/?p=29805"},"modified":"2015-09-10T15:58:12","modified_gmt":"2015-09-10T12:58:12","slug":"ocupante-israeli-detiene-a-tres-palestinos-en-cisjordania","status":"publish","type":"post","link":"https:\/\/archive.sana.sy\/es\/?p=29805","title":{"rendered":"Ocupante israel\u00ed detiene a tres palestinos en Cisjordania \u00a0"},"content":{"rendered":"<div><\/div>\n<div><span lang=\"ES-TRAD\">Jerusal\u00e9n-Gaza, SANA<\/span><\/div>\n<div><span lang=\"ES-TRAD\">\u00a0<\/span><\/div>\n<div><span lang=\"ES-TRAD\">Las fuerzas de ocupaci\u00f3n israel\u00edes detuvieron en la madrugada del jueves a tres palestinos en las localidades de Jenin y Bel\u00e9n, en Cisjordania.<\/span><\/div>\n<div><span lang=\"ES-TRAD\">\u00a0<\/span><\/div>\n<div><span lang=\"ES-TRAD\">Seg\u00fan fuentes locales, se produjeron enfrentamientos entre los soldados israel\u00edes y los j\u00f3venes palestinos que trataron de impedir la entrada de los sionistas en una zona de la ciudad de Hebr\u00f3n.<\/span><\/div>\n<div><span lang=\"ES-TRAD\">\u00a0<\/span><\/div>\n<div><span lang=\"ES-TRAD\">En la Franja de Gaza, las fuerzas israel\u00edes atacaron a las embarcaciones de los pescadores palestinos frente a la coste norte de Gaza.<\/span><\/div>\n<div><\/div>\n<div><span style=\"color: #00ccff\">Fady M., Hala B.<\/span><\/div>\n<div class=\"yj6qo ajU\">\n<div id=\":vw\" class=\"ajR\"><img decoding=\"async\" class=\"ajT\" src=\"https:\/\/ssl.gstatic.com\/ui\/v1\/icons\/mail\/images\/cleardot.gif\" alt=\"\" \/><\/div>\n<\/div>\n","protected":false},"excerpt":{"rendered":"<p>Jerusal\u00e9n-Gaza, SANA \u00a0 Las fuerzas de ocupaci\u00f3n israel\u00edes detuvieron en la madrugada del jueves a tres palestinos en las localidades de Jenin y Bel\u00e9n, en Cisjordania. \u00a0 Seg\u00fan fuentes locales, se produjeron enfrentamientos entre los soldados israel\u00edes y los j\u00f3venes palestinos que trataron de impedir la entrada de los sionistas en una zona de la &hellip;<\/p>\n","protected":false},"author":1,"featured_media":29806,"comment_status":"closed","ping_status":"closed","sticky":false,"template":"","format":"standard","meta":{"footnotes":""},"categories":[456,457,576],"tags":[6612],"class_list":["post-29805","post","type-post","status-publish","format-standard","has-post-thumbnail","","category-arabe-internacional-politica","category-noticias-arabe-internacional-politica","category-noticias-politicas","tag-ocupante-israeli-detiene-a-tres-palestinos-en-cisjordania"],"_links":{"self":[{"href":"https:\/\/archive.sana.sy\/es\/index.php?rest_route=\/wp\/v2\/posts\/29805"}],"collection":[{"href":"https:\/\/archive.sana.sy\/es\/index.php?rest_route=\/wp\/v2\/posts"}],"about":[{"href":"https:\/\/archive.sana.sy\/es\/index.php?rest_route=\/wp\/v2\/types\/post"}],"author":[{"embeddable":true,"href":"https:\/\/archive.sana.sy\/es\/index.php?rest_route=\/wp\/v2\/users\/1"}],"replies":[{"embeddable":true,"href":"https:\/\/archive.sana.sy\/es\/index.php?rest_route=%2Fwp%2Fv2%2Fcomments&post=29805"}],"version-history":[{"count":0,"href":"https:\/\/archive.sana.sy\/es\/index.php?rest_route=\/wp\/v2\/posts\/29805\/revisions"}],"wp:featuredmedia":[{"embeddable":true,"href":"https:\/\/archive.sana.sy\/es\/index.php?rest_route=\/wp\/v2\/media\/29806"}],"wp:attachment":[{"href":"https:\/\/archive.sana.sy\/es\/index.php?rest_route=%2Fwp%2Fv2%2Fmedia&parent=29805"}],"wp:term":[{"taxonomy":"category","embeddable":true,"href":"https:\/\/archive.sana.sy\/es\/index.php?rest_route=%2Fwp%2Fv2%2Fcategories&post=29805"},{"taxonomy":"post_tag","embeddable":true,"href":"https:\/\/archive.sana.sy\/es\/index.php?rest_route=%2Fwp%2Fv2%2Ftags&post=29805"}],"curies":[{"name":"wp","href":"https:\/\/api.w.org\/{rel}","templated":true}]}}