{"id":298083,"date":"2023-05-19T10:26:04","date_gmt":"2023-05-19T07:26:04","guid":{"rendered":"http:\/\/sana.sy\/es\/?p=298083"},"modified":"2023-05-19T18:28:56","modified_gmt":"2023-05-19T15:28:56","slug":"siria-y-la-federacion-arabe-de-bibliotecas-analizan-relaciones-bilaterales","status":"publish","type":"post","link":"https:\/\/archive.sana.sy\/es\/?p=298083","title":{"rendered":"Siria y la Federaci\u00f3n \u00c1rabe de Bibliotecas analizan relaciones bilaterales"},"content":{"rendered":"<p style=\"text-align: justify;\"><span style=\"color: #800000;\"><strong>Mascate, 19 may (SANA)\u00a0 <\/strong><\/span>El embajador de Siria ante el Sultanato de Om\u00e1n, Idris Mayya, abord\u00f3 con el presidente de la Federaci\u00f3n \u00c1rabe de Bibliotecas e Informaci\u00f3n,\u00a0 Nabhan bin Harith Al-Harassi, las perspectivas para activar las relaciones.<\/p>\n<p style=\"text-align: justify;\">Durante una visita de Al-Harassi a la Embajada de Siria en Mascate, donde se reuni\u00f3 con el embajador sirio, las dos partes analizaron formas de activar las relaciones entre Siria y mencionada Entidad.<\/p>\n<p style=\"text-align: justify;\">sm<\/p>\n","protected":false},"excerpt":{"rendered":"<p>Mascate, 19 may (SANA)\u00a0 El embajador de Siria ante el Sultanato de Om\u00e1n, Idris Mayya, abord\u00f3 con el presidente de la Federaci\u00f3n \u00c1rabe de Bibliotecas e Informaci\u00f3n,\u00a0 Nabhan bin Harith Al-Harassi, las perspectivas para activar las relaciones. Durante una visita de Al-Harassi a la Embajada de Siria en Mascate, donde se reuni\u00f3 con el embajador &hellip;<\/p>\n","protected":false},"author":39,"featured_media":298086,"comment_status":"closed","ping_status":"closed","sticky":false,"template":"","format":"standard","meta":{"footnotes":""},"categories":[477,597,20724,467,7541],"tags":[19976,6553],"class_list":["post-298083","post","type-post","status-publish","format-standard","has-post-thumbnail","","category-noticias-edulcorantes","category-cinta-de-noticias","category-minuto-a-minuto","category-siria-y-el-mundo","category-ultimas-noticias","tag-oman","tag-siria"],"_links":{"self":[{"href":"https:\/\/archive.sana.sy\/es\/index.php?rest_route=\/wp\/v2\/posts\/298083"}],"collection":[{"href":"https:\/\/archive.sana.sy\/es\/index.php?rest_route=\/wp\/v2\/posts"}],"about":[{"href":"https:\/\/archive.sana.sy\/es\/index.php?rest_route=\/wp\/v2\/types\/post"}],"author":[{"embeddable":true,"href":"https:\/\/archive.sana.sy\/es\/index.php?rest_route=\/wp\/v2\/users\/39"}],"replies":[{"embeddable":true,"href":"https:\/\/archive.sana.sy\/es\/index.php?rest_route=%2Fwp%2Fv2%2Fcomments&post=298083"}],"version-history":[{"count":1,"href":"https:\/\/archive.sana.sy\/es\/index.php?rest_route=\/wp\/v2\/posts\/298083\/revisions"}],"predecessor-version":[{"id":298087,"href":"https:\/\/archive.sana.sy\/es\/index.php?rest_route=\/wp\/v2\/posts\/298083\/revisions\/298087"}],"wp:featuredmedia":[{"embeddable":true,"href":"https:\/\/archive.sana.sy\/es\/index.php?rest_route=\/wp\/v2\/media\/298086"}],"wp:attachment":[{"href":"https:\/\/archive.sana.sy\/es\/index.php?rest_route=%2Fwp%2Fv2%2Fmedia&parent=298083"}],"wp:term":[{"taxonomy":"category","embeddable":true,"href":"https:\/\/archive.sana.sy\/es\/index.php?rest_route=%2Fwp%2Fv2%2Fcategories&post=298083"},{"taxonomy":"post_tag","embeddable":true,"href":"https:\/\/archive.sana.sy\/es\/index.php?rest_route=%2Fwp%2Fv2%2Ftags&post=298083"}],"curies":[{"name":"wp","href":"https:\/\/api.w.org\/{rel}","templated":true}]}}