{"id":298122,"date":"2023-05-19T16:36:36","date_gmt":"2023-05-19T13:36:36","guid":{"rendered":"http:\/\/sana.sy\/es\/?p=298122"},"modified":"2023-05-19T17:30:49","modified_gmt":"2023-05-19T14:30:49","slug":"discurso-del-presidente-bashar-al-assad-en-la-cumbre-arabe","status":"publish","type":"post","link":"https:\/\/archive.sana.sy\/es\/?p=298122","title":{"rendered":"Presidente Al-Assad: Estamos ante una oportunidad hist\u00f3rica para reorganizar nuestros asuntos sin injerencia extranjera"},"content":{"rendered":"<p style=\"text-align: justify;\"><strong><span style=\"color: #800000;\">Yeda, 19 may (SANA) <\/span><\/strong>El presidente Bashar Al-Assad, pronunci\u00f3 las palabras de Siria en la trig\u00e9simo segunda Cumbre \u00c1rabe que se celebra actualmente en la ciudad de Yeda.<\/p>\n<p style=\"text-align: justify;\">\u201cTenemos que identificar los grandes retos que amenazan nuestro futuro y generan nuestras crisis para que no nos ahoguemos y ahoguemos a las generaciones futuras con tratar los resultados\u201d, dijo Al-Assad.<\/p>\n<p style=\"text-align: justify;\">Consider\u00f3 que las amenazas encierran riesgos y oportunidades, y hoy existe una oportunidad debido a los cambios en la situaci\u00f3n internacional, en el que comienza a aparecer un mundo multipolar producto de la dominaci\u00f3n de Occidente que carece de principios, moral, amigos y socios.<\/p>\n<p style=\"text-align: justify;\">\u201cLas grietas que han surgido durante la \u00faltima d\u00e9cada deben ser tratadas, y lo m\u00e1s importante es dejar que los pueblos manejen sus asuntos internos y evitar la injerencia externa en estos asuntos\u201d, dijo el mandatario.<\/p>\n<p><img loading=\"lazy\" decoding=\"async\" class=\"size-medium wp-image-298134 alignleft\" src=\"http:\/\/sana.sy\/es\/wp-content\/uploads\/2023\/05\/Discurso-del-presidente-Bashar-Al-Assad-en-la-Cumbre-Arabe.jpeg-1-300x150.jpg\" alt=\"\" width=\"300\" height=\"150\" srcset=\"https:\/\/archive.sana.sy\/es\/wp-content\/uploads\/2023\/05\/Discurso-del-presidente-Bashar-Al-Assad-en-la-Cumbre-Arabe.jpeg-1-300x150.jpg 300w, https:\/\/archive.sana.sy\/es\/wp-content\/uploads\/2023\/05\/Discurso-del-presidente-Bashar-Al-Assad-en-la-Cumbre-Arabe.jpeg-1-150x75.jpg 150w, https:\/\/archive.sana.sy\/es\/wp-content\/uploads\/2023\/05\/Discurso-del-presidente-Bashar-Al-Assad-en-la-Cumbre-Arabe.jpeg-1.jpg 660w\" sizes=\"(max-width: 300px) 100vw, 300px\" \/><\/p>\n<p style=\"text-align: justify;\">\u201cEs una oportunidad hist\u00f3rica para reordenar nuestros asuntos con la menor injerencia extranjera, lo que exige reposicionarnos en este mundo que hoy se forma\u201d, explic\u00f3.<\/p>\n<p style=\"text-align: justify;\">Agreg\u00f3 que existe una oportunidad para consolidar nuestra cultura frente a la disoluci\u00f3n que se avecina con el liberalismo moderno que despoja al hombre de su moral e identidad.<\/p>\n<p style=\"text-align: justify;\">Enumer\u00f3 algunos desaf\u00edos como los cr\u00edmenes de Israel contra el pueblo palestino, el peligro de la ideolog\u00eda otomana expansionista injertada por la hermandad musulmana y los desaf\u00edos del desarrollo.<\/p>\n<p style=\"text-align: justify;\">Agreg\u00f3 que la acci\u00f3n \u00e1rabe conjunta necesita visiones, estrategias y objetivos comunes, y esper\u00f3 que la cumbre marque el comienzo de una nueva fase de acci\u00f3n \u00e1rabe en favor de la solidaridad y para lograr la paz, el desarrollo y la prosperidad en la regi\u00f3n, en lugar de la guerra y la destrucci\u00f3n.<\/p>\n<p style=\"text-align: justify;\">\u201cLa acci\u00f3n \u00e1rabe conjunta necesita visiones, estrategias y objetivos comunes que convertimos luego en planes ejecutivos. Necesita una pol\u00edtica unificada, principios firmes y mecanismos y controles claros. Cuando entonces, pasaremos de la reacci\u00f3n a la anticipaci\u00f3n de los acontecimientos, y la Liga \u00c1rabe ser\u00e1 una salida en lugar de un asedio, y un refugio de la agresi\u00f3n en lugar de ser plataforma\u201d, dijo.<\/p>\n<p style=\"text-align: justify;\">Ratific\u00f3 que el pasado, el presente y el futuro de Siria se basan en el arabismo y en la pertenencia permanente.<\/p>\n<p style=\"text-align: justify;\">El presidente expres\u00f3 su profundo agradecimiento a los jefes de las delegaciones que dieron la bienvenida a la presencia siria en la cumbre y el regreso de Siria a la Liga \u00c1rabe.<\/p>\n<p style=\"text-align: justify;\">\u201cDoy las gracias al Custodio de las Dos Mezquitas Sagradas y a Su Alteza el Pr\u00edncipe Heredero por el gran papel desempe\u00f1ado por Arabia Saudita y sus intensos esfuerzos para promover la reconciliaci\u00f3n en nuestra regi\u00f3n y por el \u00e9xito de esta cumbre\u201d, concluy\u00f3.<\/p>\n<p style=\"text-align: justify;\">fm\/sm<\/p>\n","protected":false},"excerpt":{"rendered":"<p>Yeda, 19 may (SANA) El presidente Bashar Al-Assad, pronunci\u00f3 las palabras de Siria en la trig\u00e9simo segunda Cumbre \u00c1rabe que se celebra actualmente en la ciudad de Yeda. \u201cTenemos que identificar los grandes retos que amenazan nuestro futuro y generan nuestras crisis para que no nos ahoguemos y ahoguemos a las generaciones futuras con tratar &hellip;<\/p>\n","protected":false},"author":39,"featured_media":298133,"comment_status":"closed","ping_status":"closed","sticky":false,"template":"","format":"standard","meta":{"footnotes":""},"categories":[477,597,20724,16237,467,583,626],"tags":[22089,22027,6553,22082],"class_list":["post-298122","post","type-post","status-publish","format-standard","has-post-thumbnail","","category-noticias-edulcorantes","category-cinta-de-noticias","category-minuto-a-minuto","category-presidence-de-la-republique-arabe-syria","category-siria-y-el-mundo","category-slide","category-sr-presidente","tag-cumbre","tag-liga-arabe","tag-siria","tag-yeda"],"_links":{"self":[{"href":"https:\/\/archive.sana.sy\/es\/index.php?rest_route=\/wp\/v2\/posts\/298122"}],"collection":[{"href":"https:\/\/archive.sana.sy\/es\/index.php?rest_route=\/wp\/v2\/posts"}],"about":[{"href":"https:\/\/archive.sana.sy\/es\/index.php?rest_route=\/wp\/v2\/types\/post"}],"author":[{"embeddable":true,"href":"https:\/\/archive.sana.sy\/es\/index.php?rest_route=\/wp\/v2\/users\/39"}],"replies":[{"embeddable":true,"href":"https:\/\/archive.sana.sy\/es\/index.php?rest_route=%2Fwp%2Fv2%2Fcomments&post=298122"}],"version-history":[{"count":7,"href":"https:\/\/archive.sana.sy\/es\/index.php?rest_route=\/wp\/v2\/posts\/298122\/revisions"}],"predecessor-version":[{"id":298137,"href":"https:\/\/archive.sana.sy\/es\/index.php?rest_route=\/wp\/v2\/posts\/298122\/revisions\/298137"}],"wp:featuredmedia":[{"embeddable":true,"href":"https:\/\/archive.sana.sy\/es\/index.php?rest_route=\/wp\/v2\/media\/298133"}],"wp:attachment":[{"href":"https:\/\/archive.sana.sy\/es\/index.php?rest_route=%2Fwp%2Fv2%2Fmedia&parent=298122"}],"wp:term":[{"taxonomy":"category","embeddable":true,"href":"https:\/\/archive.sana.sy\/es\/index.php?rest_route=%2Fwp%2Fv2%2Fcategories&post=298122"},{"taxonomy":"post_tag","embeddable":true,"href":"https:\/\/archive.sana.sy\/es\/index.php?rest_route=%2Fwp%2Fv2%2Ftags&post=298122"}],"curies":[{"name":"wp","href":"https:\/\/api.w.org\/{rel}","templated":true}]}}