{"id":298199,"date":"2023-05-20T19:15:12","date_gmt":"2023-05-20T16:15:12","guid":{"rendered":"http:\/\/sana.sy\/es\/?p=298199"},"modified":"2023-05-20T22:03:38","modified_gmt":"2023-05-20T19:03:38","slug":"siria-participa-en-foro-cientifico-y-tecnico-sobre-terremotos-en-argelia","status":"publish","type":"post","link":"https:\/\/archive.sana.sy\/es\/?p=298199","title":{"rendered":"Siria participa en foro cient\u00edfico y t\u00e9cnico sobre terremotos en Argelia"},"content":{"rendered":"<p style=\"text-align: justify;\"><span style=\"color: #800000;\"><strong>Or\u00e1n, 20 may (SANA)<\/strong><\/span> Con la participaci\u00f3n de la Rep\u00fablica \u00c1rabe Siria, se inici\u00f3 en Argelia la labor del Foro Cient\u00edfico y T\u00e9cnico sobre los resultados m\u00e1s importantes de la investigaci\u00f3n en el campo de los terremotos y la forma de prevenir sus peligros.<\/p>\n<p style=\"text-align: justify;\">El representante de Siria, el ministro de Obras P\u00fablicas y Vivienda, Suhail Abdul Latif, abord\u00f3, despu\u00e9s de su llegada, con el ministro argelino de Vivienda, Urbanismo y Ciudad, Mohamed Tarek Belaribi, la posibilidad de desarrollar la cooperaci\u00f3n t\u00e9cnica entre los dos pa\u00edses en el campo de los terremotos y c\u00f3mo prevenir sus peligros.<\/p>\n<p style=\"text-align: justify;\"><em><strong>ah\/fm<\/strong><\/em><\/p>\n","protected":false},"excerpt":{"rendered":"<p>Or\u00e1n, 20 may (SANA) Con la participaci\u00f3n de la Rep\u00fablica \u00c1rabe Siria, se inici\u00f3 en Argelia la labor del Foro Cient\u00edfico y T\u00e9cnico sobre los resultados m\u00e1s importantes de la investigaci\u00f3n en el campo de los terremotos y la forma de prevenir sus peligros. El representante de Siria, el ministro de Obras P\u00fablicas y Vivienda, &hellip;<\/p>\n","protected":false},"author":30,"featured_media":298200,"comment_status":"closed","ping_status":"closed","sticky":false,"template":"","format":"standard","meta":{"footnotes":""},"categories":[597,467,7541],"tags":[],"class_list":["post-298199","post","type-post","status-publish","format-standard","has-post-thumbnail","","category-cinta-de-noticias","category-siria-y-el-mundo","category-ultimas-noticias"],"_links":{"self":[{"href":"https:\/\/archive.sana.sy\/es\/index.php?rest_route=\/wp\/v2\/posts\/298199"}],"collection":[{"href":"https:\/\/archive.sana.sy\/es\/index.php?rest_route=\/wp\/v2\/posts"}],"about":[{"href":"https:\/\/archive.sana.sy\/es\/index.php?rest_route=\/wp\/v2\/types\/post"}],"author":[{"embeddable":true,"href":"https:\/\/archive.sana.sy\/es\/index.php?rest_route=\/wp\/v2\/users\/30"}],"replies":[{"embeddable":true,"href":"https:\/\/archive.sana.sy\/es\/index.php?rest_route=%2Fwp%2Fv2%2Fcomments&post=298199"}],"version-history":[{"count":1,"href":"https:\/\/archive.sana.sy\/es\/index.php?rest_route=\/wp\/v2\/posts\/298199\/revisions"}],"predecessor-version":[{"id":298201,"href":"https:\/\/archive.sana.sy\/es\/index.php?rest_route=\/wp\/v2\/posts\/298199\/revisions\/298201"}],"wp:featuredmedia":[{"embeddable":true,"href":"https:\/\/archive.sana.sy\/es\/index.php?rest_route=\/wp\/v2\/media\/298200"}],"wp:attachment":[{"href":"https:\/\/archive.sana.sy\/es\/index.php?rest_route=%2Fwp%2Fv2%2Fmedia&parent=298199"}],"wp:term":[{"taxonomy":"category","embeddable":true,"href":"https:\/\/archive.sana.sy\/es\/index.php?rest_route=%2Fwp%2Fv2%2Fcategories&post=298199"},{"taxonomy":"post_tag","embeddable":true,"href":"https:\/\/archive.sana.sy\/es\/index.php?rest_route=%2Fwp%2Fv2%2Ftags&post=298199"}],"curies":[{"name":"wp","href":"https:\/\/api.w.org\/{rel}","templated":true}]}}