{"id":298249,"date":"2023-05-20T20:18:57","date_gmt":"2023-05-20T17:18:57","guid":{"rendered":"http:\/\/sana.sy\/es\/?p=298249"},"modified":"2023-05-20T20:18:57","modified_gmt":"2023-05-20T17:18:57","slug":"siria-participa-en-76a-sesion-de-la-asamblea-mundial-de-la-salud","status":"publish","type":"post","link":"https:\/\/archive.sana.sy\/es\/?p=298249","title":{"rendered":"Siria participa en 76\u00aa sesi\u00f3n de la Asamblea Mundial de la Salud"},"content":{"rendered":"<p style=\"text-align: justify;\"><span style=\"color: #800000;\"><strong>Damasco, 20 may (SANA)\u00a0 \u00a0<\/strong><\/span>Las labores de la 76\u00aa sesi\u00f3n de la Asamblea Mundial de la Salud comienzan este domingo en la ciudad suiza de Ginebra, con la participaci\u00f3n de una delegaci\u00f3n siria encabezada por el ministro de Salud, Hasan Al-Ghabash.<\/p>\n<p style=\"text-align: justify;\">El evento durar\u00e1 hasta el 30 del mes en curso e incluir\u00e1 sesiones sobre el trabajo de la Organizaci\u00f3n Mundial de la Salud en el campo de las emergencias sanitarias y la cobertura universal de salud, entre otros.<\/p>\n<p style=\"text-align: justify;\">En declaraciones a SANA, el titular de Salud sirio expres\u00f3 su esperanza de que los resultados de estas reuniones contribuyan a fortalecer los sistemas de salud.<\/p>\n<p style=\"text-align: justify;\">Explic\u00f3 que la delegaci\u00f3n siria se reunir\u00e1 al margen del trabajo de la Asamblea con otras delegaciones para estudiar los esfuerzos realizados para mejorar la cooperaci\u00f3n conjunta, lo que reflexionar\u00eda positivamente sobre la situaci\u00f3n sanitaria en Siria en las circunstancias actuales.<\/p>\n<p style=\"text-align: justify;\">En mayo de 2021, la Asamblea Mundial de la Salud eligi\u00f3 por unanimidad a Siria como miembro del Consejo Ejecutivo de la Organizaci\u00f3n Mundial de la Salud, en representaci\u00f3n de la Regi\u00f3n del Mediterr\u00e1neo Oriental por un per\u00edodo de tres a\u00f1os.<\/p>\n<p style=\"text-align: justify;\">rr\/fm<\/p>\n","protected":false},"excerpt":{"rendered":"<p>Damasco, 20 may (SANA)\u00a0 \u00a0Las labores de la 76\u00aa sesi\u00f3n de la Asamblea Mundial de la Salud comienzan este domingo en la ciudad suiza de Ginebra, con la participaci\u00f3n de una delegaci\u00f3n siria encabezada por el ministro de Salud, Hasan Al-Ghabash. El evento durar\u00e1 hasta el 30 del mes en curso e incluir\u00e1 sesiones sobre &hellip;<\/p>\n","protected":false},"author":31,"featured_media":298250,"comment_status":"closed","ping_status":"closed","sticky":false,"template":"","format":"standard","meta":{"footnotes":""},"categories":[597,467,7541],"tags":[22091,6553],"class_list":["post-298249","post","type-post","status-publish","format-standard","has-post-thumbnail","","category-cinta-de-noticias","category-siria-y-el-mundo","category-ultimas-noticias","tag-asamblea-mundial-de-salud","tag-siria"],"_links":{"self":[{"href":"https:\/\/archive.sana.sy\/es\/index.php?rest_route=\/wp\/v2\/posts\/298249"}],"collection":[{"href":"https:\/\/archive.sana.sy\/es\/index.php?rest_route=\/wp\/v2\/posts"}],"about":[{"href":"https:\/\/archive.sana.sy\/es\/index.php?rest_route=\/wp\/v2\/types\/post"}],"author":[{"embeddable":true,"href":"https:\/\/archive.sana.sy\/es\/index.php?rest_route=\/wp\/v2\/users\/31"}],"replies":[{"embeddable":true,"href":"https:\/\/archive.sana.sy\/es\/index.php?rest_route=%2Fwp%2Fv2%2Fcomments&post=298249"}],"version-history":[{"count":1,"href":"https:\/\/archive.sana.sy\/es\/index.php?rest_route=\/wp\/v2\/posts\/298249\/revisions"}],"predecessor-version":[{"id":298251,"href":"https:\/\/archive.sana.sy\/es\/index.php?rest_route=\/wp\/v2\/posts\/298249\/revisions\/298251"}],"wp:featuredmedia":[{"embeddable":true,"href":"https:\/\/archive.sana.sy\/es\/index.php?rest_route=\/wp\/v2\/media\/298250"}],"wp:attachment":[{"href":"https:\/\/archive.sana.sy\/es\/index.php?rest_route=%2Fwp%2Fv2%2Fmedia&parent=298249"}],"wp:term":[{"taxonomy":"category","embeddable":true,"href":"https:\/\/archive.sana.sy\/es\/index.php?rest_route=%2Fwp%2Fv2%2Fcategories&post=298249"},{"taxonomy":"post_tag","embeddable":true,"href":"https:\/\/archive.sana.sy\/es\/index.php?rest_route=%2Fwp%2Fv2%2Ftags&post=298249"}],"curies":[{"name":"wp","href":"https:\/\/api.w.org\/{rel}","templated":true}]}}