{"id":298255,"date":"2023-05-21T10:29:24","date_gmt":"2023-05-21T07:29:24","guid":{"rendered":"http:\/\/sana.sy\/es\/?p=298255"},"modified":"2023-05-21T15:51:24","modified_gmt":"2023-05-21T12:51:24","slug":"artiomovsk-bajo-control-ruso-y-putin-felicita-a-su-ejercito-por-tal-logro","status":"publish","type":"post","link":"https:\/\/archive.sana.sy\/es\/?p=298255","title":{"rendered":"Arti\u00f3movsk bajo control ruso y Putin felicita a su ej\u00e9rcito por tal logro"},"content":{"rendered":"<blockquote>\n<p style=\"text-align: justify;\"><span style=\"color: #800000;\">Las fuerzas de Wagner, apoyadas por la artiller\u00eda y la aviaci\u00f3n del Ej\u00e9rcito ruso, lanzaron acciones ofensivas contra los militares ucranios desplegados en esta regi\u00f3n y lograron recuperarla y levantar la bandera de la Federaci\u00f3n Rusa tras la retirada de los militares de Kiev.<\/span><\/p>\n<\/blockquote>\n<p style=\"text-align: justify;\"><span style=\"color: #800000;\"><strong>Mosc\u00fa, 21 may (SANA)<\/strong><\/span> El Ministerio de Defensa de Rusia confirm\u00f3 la culminaci\u00f3n de la operaci\u00f3n de liberaci\u00f3n de la ciudad estrat\u00e9gica de Arti\u00f3movsk, conocida en Ucrania como Bajmut.<\/p>\n<p style=\"text-align: justify;\">En un comunicado, el ente castrense declar\u00f3 que las fuerzas de Wagner, apoyadas por la artiller\u00eda y la aviaci\u00f3n del Ej\u00e9rcito ruso, lanzaron acciones ofensivas contra los militares ucranios desplegados en esta regi\u00f3n y lograron recuperarla y levantar la bandera de la Federaci\u00f3n Rusa tras la retirada de los militares de Kiev.<\/p>\n<p style=\"text-align: justify;\">Despu\u00e9s del informe del Ministerio de Defensa, el presidente ruso Vlad\u00edmir Putin, felicit\u00f3 a las unidades de asalto Wagner, as\u00ed como a todos los militares de las Fuerzas Armadas rusas por este gran progreso.<\/p>\n<p style=\"text-align: justify;\">A su vez, el l\u00edder del grupo Wagner, Yevgueni Prig\u00f3zhin, hab\u00eda informado que Bajmut fue escenario de largos e intensos combates entre los militares rusos y las fuerzas ucranianas durante 224 d\u00edas, pero al final qued\u00f3 bajo el control de las fuerzas rusas.<\/p>\n<p style=\"text-align: justify;\">Bajmut est\u00e1 situada a lo largo de una carretera clave que conecta las dos ciudades m\u00e1s grandes de la regi\u00f3n, Donetsk y Lugansk donde era un importante centro de transporte para el abastecimiento del grupo de tropas ucranianas en Donb\u00e1s.<\/p>\n<p style=\"text-align: justify;\"><strong>ws\/fm<\/strong><\/p>\n","protected":false},"excerpt":{"rendered":"<p>Las fuerzas de Wagner, apoyadas por la artiller\u00eda y la aviaci\u00f3n del Ej\u00e9rcito ruso, lanzaron acciones ofensivas contra los militares ucranios desplegados en esta regi\u00f3n y lograron recuperarla y levantar la bandera de la Federaci\u00f3n Rusa tras la retirada de los militares de Kiev. Mosc\u00fa, 21 may (SANA) El Ministerio de Defensa de Rusia confirm\u00f3 &hellip;<\/p>\n","protected":false},"author":35,"featured_media":298256,"comment_status":"closed","ping_status":"closed","sticky":false,"template":"","format":"standard","meta":{"footnotes":""},"categories":[597,456,16687,20724],"tags":[],"class_list":["post-298255","post","type-post","status-publish","format-standard","has-post-thumbnail","","category-cinta-de-noticias","category-arabe-internacional-politica","category-internacionales","category-minuto-a-minuto"],"_links":{"self":[{"href":"https:\/\/archive.sana.sy\/es\/index.php?rest_route=\/wp\/v2\/posts\/298255"}],"collection":[{"href":"https:\/\/archive.sana.sy\/es\/index.php?rest_route=\/wp\/v2\/posts"}],"about":[{"href":"https:\/\/archive.sana.sy\/es\/index.php?rest_route=\/wp\/v2\/types\/post"}],"author":[{"embeddable":true,"href":"https:\/\/archive.sana.sy\/es\/index.php?rest_route=\/wp\/v2\/users\/35"}],"replies":[{"embeddable":true,"href":"https:\/\/archive.sana.sy\/es\/index.php?rest_route=%2Fwp%2Fv2%2Fcomments&post=298255"}],"version-history":[{"count":1,"href":"https:\/\/archive.sana.sy\/es\/index.php?rest_route=\/wp\/v2\/posts\/298255\/revisions"}],"predecessor-version":[{"id":298257,"href":"https:\/\/archive.sana.sy\/es\/index.php?rest_route=\/wp\/v2\/posts\/298255\/revisions\/298257"}],"wp:featuredmedia":[{"embeddable":true,"href":"https:\/\/archive.sana.sy\/es\/index.php?rest_route=\/wp\/v2\/media\/298256"}],"wp:attachment":[{"href":"https:\/\/archive.sana.sy\/es\/index.php?rest_route=%2Fwp%2Fv2%2Fmedia&parent=298255"}],"wp:term":[{"taxonomy":"category","embeddable":true,"href":"https:\/\/archive.sana.sy\/es\/index.php?rest_route=%2Fwp%2Fv2%2Fcategories&post=298255"},{"taxonomy":"post_tag","embeddable":true,"href":"https:\/\/archive.sana.sy\/es\/index.php?rest_route=%2Fwp%2Fv2%2Ftags&post=298255"}],"curies":[{"name":"wp","href":"https:\/\/api.w.org\/{rel}","templated":true}]}}