{"id":298258,"date":"2023-05-21T11:52:53","date_gmt":"2023-05-21T08:52:53","guid":{"rendered":"http:\/\/sana.sy\/es\/?p=298258"},"modified":"2023-05-21T12:12:29","modified_gmt":"2023-05-21T09:12:29","slug":"nuevo-embajador-de-tunez-entrega-copia-de-cartas-credenciales-al-canciller-al-mekdad","status":"publish","type":"post","link":"https:\/\/archive.sana.sy\/es\/?p=298258","title":{"rendered":"Nuevo embajador de T\u00fanez entrega copia de cartas credenciales al canciller Al-Mekdad"},"content":{"rendered":"<p style=\"text-align: justify;\"><span style=\"color: #800000;\"><strong>Damasco, 21 may (SANA)\u00a0<\/strong><\/span> El ministro de Asuntos Exteriores y Expatriados, Faisal Al-Mekdad, recibi\u00f3 hoy una copia de las cartas credenciales de Muhammad Al-Mahdhabi, el embajador extraordinario y plenipotenciario de la Rep\u00fablica de T\u00fanez ante el gobierno de la Rep\u00fablica \u00c1rabe Siria.<\/p>\n<p style=\"text-align: justify;\">Siria y T\u00fanez hab\u00edan anunciado la reapertura de sus misiones diplom\u00e1ticas y elevar la representaci\u00f3n a nivel de embajadores.<\/p>\n<p style=\"text-align: justify;\"><strong>Nota en desarrollo\u2026<\/strong><\/p>\n<div id='gallery-1' class='gallery galleryid-298258 gallery-columns-1 gallery-size-full'><figure class='gallery-item'>\n\t\t\t<div class='gallery-icon landscape'>\n\t\t\t\t<a href='https:\/\/archive.sana.sy\/es\/wp-content\/uploads\/2023\/05\/88-scaled.jpg'><img loading=\"lazy\" decoding=\"async\" width=\"2560\" height=\"1725\" src=\"https:\/\/archive.sana.sy\/es\/wp-content\/uploads\/2023\/05\/88-scaled.jpg\" class=\"attachment-full size-full\" alt=\"\" srcset=\"https:\/\/archive.sana.sy\/es\/wp-content\/uploads\/2023\/05\/88-scaled.jpg 2560w, https:\/\/archive.sana.sy\/es\/wp-content\/uploads\/2023\/05\/88-300x202.jpg 300w, https:\/\/archive.sana.sy\/es\/wp-content\/uploads\/2023\/05\/88-1024x690.jpg 1024w, https:\/\/archive.sana.sy\/es\/wp-content\/uploads\/2023\/05\/88-150x101.jpg 150w, https:\/\/archive.sana.sy\/es\/wp-content\/uploads\/2023\/05\/88-768x517.jpg 768w, https:\/\/archive.sana.sy\/es\/wp-content\/uploads\/2023\/05\/88-1536x1035.jpg 1536w, https:\/\/archive.sana.sy\/es\/wp-content\/uploads\/2023\/05\/88-2048x1380.jpg 2048w, https:\/\/archive.sana.sy\/es\/wp-content\/uploads\/2023\/05\/88-110x75.jpg 110w\" sizes=\"(max-width: 2560px) 100vw, 2560px\" \/><\/a>\n\t\t\t<\/div><\/figure><figure class='gallery-item'>\n\t\t\t<div class='gallery-icon landscape'>\n\t\t\t\t<a href='https:\/\/archive.sana.sy\/es\/wp-content\/uploads\/2023\/05\/photo_2023-05-21_11-31-09-Copy-scaled.jpg'><img loading=\"lazy\" decoding=\"async\" width=\"2560\" height=\"1548\" src=\"https:\/\/archive.sana.sy\/es\/wp-content\/uploads\/2023\/05\/photo_2023-05-21_11-31-09-Copy-scaled.jpg\" class=\"attachment-full size-full\" alt=\"\" srcset=\"https:\/\/archive.sana.sy\/es\/wp-content\/uploads\/2023\/05\/photo_2023-05-21_11-31-09-Copy-scaled.jpg 2560w, https:\/\/archive.sana.sy\/es\/wp-content\/uploads\/2023\/05\/photo_2023-05-21_11-31-09-Copy-300x181.jpg 300w, https:\/\/archive.sana.sy\/es\/wp-content\/uploads\/2023\/05\/photo_2023-05-21_11-31-09-Copy-1024x619.jpg 1024w, https:\/\/archive.sana.sy\/es\/wp-content\/uploads\/2023\/05\/photo_2023-05-21_11-31-09-Copy-150x91.jpg 150w, https:\/\/archive.sana.sy\/es\/wp-content\/uploads\/2023\/05\/photo_2023-05-21_11-31-09-Copy-768x465.jpg 768w, https:\/\/archive.sana.sy\/es\/wp-content\/uploads\/2023\/05\/photo_2023-05-21_11-31-09-Copy-1536x929.jpg 1536w, https:\/\/archive.sana.sy\/es\/wp-content\/uploads\/2023\/05\/photo_2023-05-21_11-31-09-Copy-2048x1239.jpg 2048w\" sizes=\"(max-width: 2560px) 100vw, 2560px\" \/><\/a>\n\t\t\t<\/div><\/figure>\n\t\t<\/div>\n\n","protected":false},"excerpt":{"rendered":"<p>Damasco, 21 may (SANA)\u00a0 El ministro de Asuntos Exteriores y Expatriados, Faisal Al-Mekdad, recibi\u00f3 hoy una copia de las cartas credenciales de Muhammad Al-Mahdhabi, el embajador extraordinario y plenipotenciario de la Rep\u00fablica de T\u00fanez ante el gobierno de la Rep\u00fablica \u00c1rabe Siria. Siria y T\u00fanez hab\u00edan anunciado la reapertura de sus misiones diplom\u00e1ticas y elevar &hellip;<\/p>\n","protected":false},"author":35,"featured_media":298259,"comment_status":"closed","ping_status":"closed","sticky":false,"template":"","format":"standard","meta":{"footnotes":""},"categories":[447,477,597,20724,583],"tags":[],"class_list":["post-298258","post","type-post","status-publish","format-standard","has-post-thumbnail","","category-local-politica","category-noticias-edulcorantes","category-cinta-de-noticias","category-minuto-a-minuto","category-slide"],"_links":{"self":[{"href":"https:\/\/archive.sana.sy\/es\/index.php?rest_route=\/wp\/v2\/posts\/298258"}],"collection":[{"href":"https:\/\/archive.sana.sy\/es\/index.php?rest_route=\/wp\/v2\/posts"}],"about":[{"href":"https:\/\/archive.sana.sy\/es\/index.php?rest_route=\/wp\/v2\/types\/post"}],"author":[{"embeddable":true,"href":"https:\/\/archive.sana.sy\/es\/index.php?rest_route=\/wp\/v2\/users\/35"}],"replies":[{"embeddable":true,"href":"https:\/\/archive.sana.sy\/es\/index.php?rest_route=%2Fwp%2Fv2%2Fcomments&post=298258"}],"version-history":[{"count":3,"href":"https:\/\/archive.sana.sy\/es\/index.php?rest_route=\/wp\/v2\/posts\/298258\/revisions"}],"predecessor-version":[{"id":298264,"href":"https:\/\/archive.sana.sy\/es\/index.php?rest_route=\/wp\/v2\/posts\/298258\/revisions\/298264"}],"wp:featuredmedia":[{"embeddable":true,"href":"https:\/\/archive.sana.sy\/es\/index.php?rest_route=\/wp\/v2\/media\/298259"}],"wp:attachment":[{"href":"https:\/\/archive.sana.sy\/es\/index.php?rest_route=%2Fwp%2Fv2%2Fmedia&parent=298258"}],"wp:term":[{"taxonomy":"category","embeddable":true,"href":"https:\/\/archive.sana.sy\/es\/index.php?rest_route=%2Fwp%2Fv2%2Fcategories&post=298258"},{"taxonomy":"post_tag","embeddable":true,"href":"https:\/\/archive.sana.sy\/es\/index.php?rest_route=%2Fwp%2Fv2%2Ftags&post=298258"}],"curies":[{"name":"wp","href":"https:\/\/api.w.org\/{rel}","templated":true}]}}