{"id":298316,"date":"2023-05-22T06:03:34","date_gmt":"2023-05-22T03:03:34","guid":{"rendered":"http:\/\/sana.sy\/es\/?p=298316"},"modified":"2023-05-22T06:04:12","modified_gmt":"2023-05-22T03:04:12","slug":"un-simulacro-sin-igual-de-la-resistencia-en-el-sur-del-libano-fotos","status":"publish","type":"post","link":"https:\/\/archive.sana.sy\/es\/?p=298316","title":{"rendered":"Un simulacro sin igual de la Resistencia en el sur del L\u00edbano (+ fotos)"},"content":{"rendered":"<p style=\"text-align: justify;\"><span style=\"color: #800000;\"><strong>Beirut, 22 may (SANA)\u00a0<\/strong><\/span>\u00a0 La Resistencia Nacional Libanesa realiz\u00f3 una maniobra con armas y municiones reales en el sur de L\u00edbano, considerada una de las m\u00e1s grandes que realiza esta entidad ante los medios de prensa.<\/p>\n<p style=\"text-align: justify;\">El simulacro se efectu\u00f3 con motivo del aniversario de la retirada del ej\u00e9rcito israel\u00ed del sur del L\u00edbano el 25 de mayo del 2000.<\/p>\n<p style=\"text-align: justify;\">Participaron en la maniobra unos 200 integrantes de la resistencia, e incluy\u00f3 un desfile militar y simulaci\u00f3n de operaciones contra \u201cIsrael\u201d por medio de un dron o asalto. .<\/p>\n<p style=\"text-align: justify;\">En una exhibici\u00f3n audaz, los combatientes capturaron con \u00e9xito un veh\u00edculo militar enemigo, demostrando su destreza t\u00e1ctica. Drones cargados de explosivos apuntaron a supuestos objetivos israel\u00edes en el lugar de las operaciones.<\/p>\n<p style=\"text-align: justify;\">De acuerdo con el canal al-Manar, el simulacro incluy\u00f3 varios ejercicios que simulaban ataques de Hezbol\u00e1 contra puestos de avanzada israel\u00edes en cualquier batalla futura, en la que los combatientes de Hezbol\u00e1 podr\u00edan invadir Galilea en la Palestina ocupada. Los combatientes de la resistencia demostraron sus altas habilidades militares utilizando armas ligeras y pesadas en un ejercicio impresionante.<\/p>\n<p style=\"text-align: justify;\">El jefe del Consejo Ejecutivo de Hezbol\u00e1, Sayyed Hashim Safieddin, habl\u00f3 en el lugar del evento afirmando la destreza de la resistencia y su disposici\u00f3n a enfrentar cualquier estupidez israel\u00ed.<\/p>\n<p style=\"text-align: justify;\">Los periodistas sobre el terreno expresaron su asombro y describieron el desfile militar como un espect\u00e1culo sin igual.<\/p>\n<p style=\"text-align: justify;\">fm<\/p>\n<div id='gallery-1' class='gallery galleryid-298316 gallery-columns-1 gallery-size-full'><figure class='gallery-item'>\n\t\t\t<div class='gallery-icon landscape'>\n\t\t\t\t<a href='https:\/\/archive.sana.sy\/es\/wp-content\/uploads\/2023\/05\/manar-05696970016846916554.jpg'><img loading=\"lazy\" decoding=\"async\" width=\"660\" height=\"371\" src=\"https:\/\/archive.sana.sy\/es\/wp-content\/uploads\/2023\/05\/manar-05696970016846916554.jpg\" class=\"attachment-full size-full\" alt=\"\" srcset=\"https:\/\/archive.sana.sy\/es\/wp-content\/uploads\/2023\/05\/manar-05696970016846916554.jpg 660w, https:\/\/archive.sana.sy\/es\/wp-content\/uploads\/2023\/05\/manar-05696970016846916554-300x169.jpg 300w, https:\/\/archive.sana.sy\/es\/wp-content\/uploads\/2023\/05\/manar-05696970016846916554-150x84.jpg 150w\" sizes=\"(max-width: 660px) 100vw, 660px\" \/><\/a>\n\t\t\t<\/div><\/figure><figure class='gallery-item'>\n\t\t\t<div class='gallery-icon landscape'>\n\t\t\t\t<a href='https:\/\/archive.sana.sy\/es\/wp-content\/uploads\/2023\/05\/manar-09789610016846916323-1.jpg'><img loading=\"lazy\" decoding=\"async\" width=\"660\" height=\"371\" src=\"https:\/\/archive.sana.sy\/es\/wp-content\/uploads\/2023\/05\/manar-09789610016846916323-1.jpg\" class=\"attachment-full size-full\" alt=\"\" srcset=\"https:\/\/archive.sana.sy\/es\/wp-content\/uploads\/2023\/05\/manar-09789610016846916323-1.jpg 660w, https:\/\/archive.sana.sy\/es\/wp-content\/uploads\/2023\/05\/manar-09789610016846916323-1-300x169.jpg 300w, https:\/\/archive.sana.sy\/es\/wp-content\/uploads\/2023\/05\/manar-09789610016846916323-1-150x84.jpg 150w\" sizes=\"(max-width: 660px) 100vw, 660px\" \/><\/a>\n\t\t\t<\/div><\/figure><figure class='gallery-item'>\n\t\t\t<div class='gallery-icon landscape'>\n\t\t\t\t<a href='https:\/\/archive.sana.sy\/es\/wp-content\/uploads\/2023\/05\/manar-059522100168469159810.jpg'><img loading=\"lazy\" decoding=\"async\" width=\"660\" height=\"371\" src=\"https:\/\/archive.sana.sy\/es\/wp-content\/uploads\/2023\/05\/manar-059522100168469159810.jpg\" class=\"attachment-full size-full\" alt=\"Combatientes de la Resistencia Nacional Libanesa Hezbol\u00e1\" aria-describedby=\"gallery-1-298318\" srcset=\"https:\/\/archive.sana.sy\/es\/wp-content\/uploads\/2023\/05\/manar-059522100168469159810.jpg 660w, https:\/\/archive.sana.sy\/es\/wp-content\/uploads\/2023\/05\/manar-059522100168469159810-300x169.jpg 300w, https:\/\/archive.sana.sy\/es\/wp-content\/uploads\/2023\/05\/manar-059522100168469159810-150x84.jpg 150w\" sizes=\"(max-width: 660px) 100vw, 660px\" \/><\/a>\n\t\t\t<\/div>\n\t\t\t\t<figcaption class='wp-caption-text gallery-caption' id='gallery-1-298318'>\n\t\t\t\tCombatientes de la Resistencia Nacional Libanesa Hezbol\u00e1 \n\t\t\t\t<\/figcaption><\/figure>\n\t\t<\/div>\n\n","protected":false},"excerpt":{"rendered":"<p>Beirut, 22 may (SANA)\u00a0\u00a0 La Resistencia Nacional Libanesa realiz\u00f3 una maniobra con armas y municiones reales en el sur de L\u00edbano, considerada una de las m\u00e1s grandes que realiza esta entidad ante los medios de prensa. El simulacro se efectu\u00f3 con motivo del aniversario de la retirada del ej\u00e9rcito israel\u00ed del sur del L\u00edbano el &hellip;<\/p>\n","protected":false},"author":34,"featured_media":298317,"comment_status":"closed","ping_status":"closed","sticky":false,"template":"","format":"standard","meta":{"footnotes":""},"categories":[597,456,20724,7541],"tags":[],"class_list":["post-298316","post","type-post","status-publish","format-standard","has-post-thumbnail","","category-cinta-de-noticias","category-arabe-internacional-politica","category-minuto-a-minuto","category-ultimas-noticias"],"_links":{"self":[{"href":"https:\/\/archive.sana.sy\/es\/index.php?rest_route=\/wp\/v2\/posts\/298316"}],"collection":[{"href":"https:\/\/archive.sana.sy\/es\/index.php?rest_route=\/wp\/v2\/posts"}],"about":[{"href":"https:\/\/archive.sana.sy\/es\/index.php?rest_route=\/wp\/v2\/types\/post"}],"author":[{"embeddable":true,"href":"https:\/\/archive.sana.sy\/es\/index.php?rest_route=\/wp\/v2\/users\/34"}],"replies":[{"embeddable":true,"href":"https:\/\/archive.sana.sy\/es\/index.php?rest_route=%2Fwp%2Fv2%2Fcomments&post=298316"}],"version-history":[{"count":2,"href":"https:\/\/archive.sana.sy\/es\/index.php?rest_route=\/wp\/v2\/posts\/298316\/revisions"}],"predecessor-version":[{"id":298322,"href":"https:\/\/archive.sana.sy\/es\/index.php?rest_route=\/wp\/v2\/posts\/298316\/revisions\/298322"}],"wp:featuredmedia":[{"embeddable":true,"href":"https:\/\/archive.sana.sy\/es\/index.php?rest_route=\/wp\/v2\/media\/298317"}],"wp:attachment":[{"href":"https:\/\/archive.sana.sy\/es\/index.php?rest_route=%2Fwp%2Fv2%2Fmedia&parent=298316"}],"wp:term":[{"taxonomy":"category","embeddable":true,"href":"https:\/\/archive.sana.sy\/es\/index.php?rest_route=%2Fwp%2Fv2%2Fcategories&post=298316"},{"taxonomy":"post_tag","embeddable":true,"href":"https:\/\/archive.sana.sy\/es\/index.php?rest_route=%2Fwp%2Fv2%2Ftags&post=298316"}],"curies":[{"name":"wp","href":"https:\/\/api.w.org\/{rel}","templated":true}]}}