{"id":298323,"date":"2023-05-22T06:20:28","date_gmt":"2023-05-22T03:20:28","guid":{"rendered":"http:\/\/sana.sy\/es\/?p=298323"},"modified":"2023-05-22T16:36:58","modified_gmt":"2023-05-22T13:36:58","slug":"destacada-actuacion-de-un-pesista-sirio-en-campeonato-del-mundo-en-sudafrica","status":"publish","type":"post","link":"https:\/\/archive.sana.sy\/es\/?p=298323","title":{"rendered":"Destacada actuaci\u00f3n de un pesista sirio en Campeonato del Mundo en Sud\u00e1frica \u00a0"},"content":{"rendered":"<p style=\"text-align: justify;\"><span style=\"color: #800000;\"><strong>Johannesburgo, 22 may (SANA)\u00a0<\/strong> <\/span>El pesista sirio Hassan Al-Masry, gan\u00f3 la medalla de bronce en el Campeonato del Mundo, celebrado en Sud\u00e1frica.<\/p>\n<p style=\"text-align: justify;\">Al-Masry levant\u00f3 210 kilogramos, mientras el atleta finland\u00e9s levant\u00f3 217 kg y medio quedando en segundo lugar, y el primer lugar fue obtenido por un pesista de Hungr\u00eda al levantar 222 kg y medio.<\/p>\n<p style=\"text-align: justify;\">Este es el primer campeonato en el que participan dos jugadores \u00e1rabes y son: Al-Masry y el marroqu\u00ed Nizar Belil quien gan\u00f3 la medalla de bronce en la competencia de levantar 105 kilogramos.<\/p>\n<p style=\"text-align: justify;\">En declaraciones a SANA, Al-Masry dijo que \u201cla competencia fue fuerte, pero no me impidi\u00f3 lograr mi ambici\u00f3n de estar en el podio de la coronaci\u00f3n e izar la bandera siria en lo alto de este evento\u201d.<\/p>\n<p style=\"text-align: justify;\">fm<\/p>\n","protected":false},"excerpt":{"rendered":"<p>Johannesburgo, 22 may (SANA)\u00a0 El pesista sirio Hassan Al-Masry, gan\u00f3 la medalla de bronce en el Campeonato del Mundo, celebrado en Sud\u00e1frica. Al-Masry levant\u00f3 210 kilogramos, mientras el atleta finland\u00e9s levant\u00f3 217 kg y medio quedando en segundo lugar, y el primer lugar fue obtenido por un pesista de Hungr\u00eda al levantar 222 kg y &hellip;<\/p>\n","protected":false},"author":34,"featured_media":298373,"comment_status":"closed","ping_status":"closed","sticky":false,"template":"","format":"standard","meta":{"footnotes":""},"categories":[447,597,494,20724,476,7541],"tags":[],"class_list":["post-298323","post","type-post","status-publish","format-standard","has-post-thumbnail","","category-local-politica","category-cinta-de-noticias","category-deportes","category-minuto-a-minuto","category-locales","category-ultimas-noticias"],"_links":{"self":[{"href":"https:\/\/archive.sana.sy\/es\/index.php?rest_route=\/wp\/v2\/posts\/298323"}],"collection":[{"href":"https:\/\/archive.sana.sy\/es\/index.php?rest_route=\/wp\/v2\/posts"}],"about":[{"href":"https:\/\/archive.sana.sy\/es\/index.php?rest_route=\/wp\/v2\/types\/post"}],"author":[{"embeddable":true,"href":"https:\/\/archive.sana.sy\/es\/index.php?rest_route=\/wp\/v2\/users\/34"}],"replies":[{"embeddable":true,"href":"https:\/\/archive.sana.sy\/es\/index.php?rest_route=%2Fwp%2Fv2%2Fcomments&post=298323"}],"version-history":[{"count":1,"href":"https:\/\/archive.sana.sy\/es\/index.php?rest_route=\/wp\/v2\/posts\/298323\/revisions"}],"predecessor-version":[{"id":298325,"href":"https:\/\/archive.sana.sy\/es\/index.php?rest_route=\/wp\/v2\/posts\/298323\/revisions\/298325"}],"wp:featuredmedia":[{"embeddable":true,"href":"https:\/\/archive.sana.sy\/es\/index.php?rest_route=\/wp\/v2\/media\/298373"}],"wp:attachment":[{"href":"https:\/\/archive.sana.sy\/es\/index.php?rest_route=%2Fwp%2Fv2%2Fmedia&parent=298323"}],"wp:term":[{"taxonomy":"category","embeddable":true,"href":"https:\/\/archive.sana.sy\/es\/index.php?rest_route=%2Fwp%2Fv2%2Fcategories&post=298323"},{"taxonomy":"post_tag","embeddable":true,"href":"https:\/\/archive.sana.sy\/es\/index.php?rest_route=%2Fwp%2Fv2%2Ftags&post=298323"}],"curies":[{"name":"wp","href":"https:\/\/api.w.org\/{rel}","templated":true}]}}