{"id":298326,"date":"2023-05-22T06:41:45","date_gmt":"2023-05-22T03:41:45","guid":{"rendered":"http:\/\/sana.sy\/es\/?p=298326"},"modified":"2023-05-22T06:41:45","modified_gmt":"2023-05-22T03:41:45","slug":"canciller-sirio-comenta-sobre-relaciones-de-siria-con-qatar-arabia-saudita-y-egipto","status":"publish","type":"post","link":"https:\/\/archive.sana.sy\/es\/?p=298326","title":{"rendered":"Canciller sirio comenta sobre relaciones de Siria con Qatar, Arabia Saudita y Egipto"},"content":{"rendered":"<p style=\"text-align: justify;\"><span style=\"color: #800000;\"><strong>Damasco, 22 may (SANA)\u00a0<\/strong> <\/span>El ministro de Asuntos Exteriores y Expatriados, Faisal Al-Mekdad, afirm\u00f3 hoy que la situaci\u00f3n \u00e1rabe actual es prometedora en t\u00e9rminos de profundizar las relaciones entre los pa\u00edses \u00e1rabes.<\/p>\n<p style=\"text-align: justify;\">En una entrevista con el canal RT, Al-Mekdad dijo que \u201cla reuni\u00f3n entre el presidente Bashar Al-Assad y el pr\u00edncipe heredero del Reino de Arabia Saudita, Muhammad bin Salman, fue muy c\u00e1lida y reflej\u00f3 las relaciones hist\u00f3ricas entre los dos pa\u00edses.<\/p>\n<p style=\"text-align: justify;\">\u201cSentimos de las palabras del Pr\u00edncipe Heredero que el futuro de las relaciones es prometedor y volver\u00e1n en todos los niveles\u201d, manifest\u00f3.<\/p>\n<p style=\"text-align: justify;\">Con respecto a la relaci\u00f3n con Qatar, el Ministro dijo: &#8220;No debemos volver al pasado. Nosotros, como afirm\u00f3 el presidente al-Assad, vivimos el presente y debemos mirar hacia el futuro, y esperamos superar esto\u201d.<\/p>\n<p style=\"text-align: justify;\">En cuanto a la relaci\u00f3n con Egipto, Al-Mekdad dej\u00f3 en claro que el objetivo es proceder a restablecer las relaciones plenas, pero a veces los asuntos diplom\u00e1ticos toman un tiempo.<\/p>\n<p style=\"text-align: justify;\"><img loading=\"lazy\" decoding=\"async\" class=\"wp-image-298328 alignleft\" src=\"http:\/\/sana.sy\/es\/wp-content\/uploads\/2023\/05\/646a594e42360458a66934b1-300x169.jpg\" alt=\"\" width=\"378\" height=\"213\" srcset=\"https:\/\/archive.sana.sy\/es\/wp-content\/uploads\/2023\/05\/646a594e42360458a66934b1-300x169.jpg 300w, https:\/\/archive.sana.sy\/es\/wp-content\/uploads\/2023\/05\/646a594e42360458a66934b1-150x84.jpg 150w, https:\/\/archive.sana.sy\/es\/wp-content\/uploads\/2023\/05\/646a594e42360458a66934b1-768x432.jpg 768w, https:\/\/archive.sana.sy\/es\/wp-content\/uploads\/2023\/05\/646a594e42360458a66934b1.jpg 980w\" sizes=\"(max-width: 378px) 100vw, 378px\" \/>\u201cEl presidente Bashar al-Assad y el presidente egipcio Abdel Fattah al-Sisi hablaron por tel\u00e9fono despu\u00e9s del reciente terremoto, y hay contactos continuos entre ellos, y sobre esta base, no se debe considerar solo las im\u00e1genes de televisi\u00f3n o informaci\u00f3n noticiosa. En las relaciones diplom\u00e1ticas hay algo que se dice y otro que no\u201d, precis\u00f3 el jefe de la diplomacia.<\/p>\n<p style=\"text-align: justify;\">Agreg\u00f3 que \u201cestamos ante una situaci\u00f3n prometedora en cuanto a profundizar las relaciones entre los pa\u00edses \u00e1rabes, teniendo en cuenta las condiciones peculiares de cada pa\u00eds \u00e1rabe\u201d.<\/p>\n<p style=\"text-align: justify;\">Seg\u00fan Al-Mekdad, las medidas coercitivas unilaterales impuestas de Estados Unidos contra Siria son contrarias al derecho internacional.<\/p>\n<p style=\"text-align: justify;\">Desminti\u00f3 que Estados Unidos estuviera en Siria para luchar contra el terrorismo, sino que es parte integral de este terrorismo, y es el que mueve gestiona a estos terroristas de acuerdo a sus agendas e intereses.<\/p>\n<p style=\"text-align: justify;\">Por otro lado, \u00a0acus\u00f3 a los pa\u00edses occidentales de estar detr\u00e1s de la falta de un ambiente o condiciones apropiadas para el regreso de los refugiados sirios. \u201cEllos son responsables de destruir la infraestructura, las f\u00e1bricas, los barrios y las instituciones econ\u00f3micas en Siria a trav\u00e9s de su apoyo y armamento de terroristas\u201d, destac\u00f3.<\/p>\n<p>fm<\/p>\n","protected":false},"excerpt":{"rendered":"<p>Damasco, 22 may (SANA)\u00a0 El ministro de Asuntos Exteriores y Expatriados, Faisal Al-Mekdad, afirm\u00f3 hoy que la situaci\u00f3n \u00e1rabe actual es prometedora en t\u00e9rminos de profundizar las relaciones entre los pa\u00edses \u00e1rabes. En una entrevista con el canal RT, Al-Mekdad dijo que \u201cla reuni\u00f3n entre el presidente Bashar Al-Assad y el pr\u00edncipe heredero del Reino &hellip;<\/p>\n","protected":false},"author":34,"featured_media":298327,"comment_status":"closed","ping_status":"closed","sticky":false,"template":"","format":"standard","meta":{"footnotes":""},"categories":[447,477,597,476,467,583],"tags":[],"class_list":["post-298326","post","type-post","status-publish","format-standard","has-post-thumbnail","","category-local-politica","category-noticias-edulcorantes","category-cinta-de-noticias","category-locales","category-siria-y-el-mundo","category-slide"],"_links":{"self":[{"href":"https:\/\/archive.sana.sy\/es\/index.php?rest_route=\/wp\/v2\/posts\/298326"}],"collection":[{"href":"https:\/\/archive.sana.sy\/es\/index.php?rest_route=\/wp\/v2\/posts"}],"about":[{"href":"https:\/\/archive.sana.sy\/es\/index.php?rest_route=\/wp\/v2\/types\/post"}],"author":[{"embeddable":true,"href":"https:\/\/archive.sana.sy\/es\/index.php?rest_route=\/wp\/v2\/users\/34"}],"replies":[{"embeddable":true,"href":"https:\/\/archive.sana.sy\/es\/index.php?rest_route=%2Fwp%2Fv2%2Fcomments&post=298326"}],"version-history":[{"count":1,"href":"https:\/\/archive.sana.sy\/es\/index.php?rest_route=\/wp\/v2\/posts\/298326\/revisions"}],"predecessor-version":[{"id":298329,"href":"https:\/\/archive.sana.sy\/es\/index.php?rest_route=\/wp\/v2\/posts\/298326\/revisions\/298329"}],"wp:featuredmedia":[{"embeddable":true,"href":"https:\/\/archive.sana.sy\/es\/index.php?rest_route=\/wp\/v2\/media\/298327"}],"wp:attachment":[{"href":"https:\/\/archive.sana.sy\/es\/index.php?rest_route=%2Fwp%2Fv2%2Fmedia&parent=298326"}],"wp:term":[{"taxonomy":"category","embeddable":true,"href":"https:\/\/archive.sana.sy\/es\/index.php?rest_route=%2Fwp%2Fv2%2Fcategories&post=298326"},{"taxonomy":"post_tag","embeddable":true,"href":"https:\/\/archive.sana.sy\/es\/index.php?rest_route=%2Fwp%2Fv2%2Ftags&post=298326"}],"curies":[{"name":"wp","href":"https:\/\/api.w.org\/{rel}","templated":true}]}}