{"id":298330,"date":"2023-05-22T12:41:54","date_gmt":"2023-05-22T09:41:54","guid":{"rendered":"https:\/\/sana.sy\/es\/?p=298330"},"modified":"2023-05-22T15:49:28","modified_gmt":"2023-05-22T12:49:28","slug":"canciller-sirio-recibe-copia-de-las-credenciales-del-nuevo-coordinador-residente-de-las-naciones-unidas","status":"publish","type":"post","link":"https:\/\/archive.sana.sy\/es\/?p=298330","title":{"rendered":"Canciller sirio recibe copia de las credenciales del nuevo Coordinador Residente de las Naciones Unidas"},"content":{"rendered":"<blockquote>\n<p style=\"text-align: justify;\"><span style=\"color: #993300;\">Las dos partes repasaron las relaciones de cooperaci\u00f3n entre el gobierno sirio y las diversas organizaciones y oficinas de las Naciones Unidas que operan en Siria, en aras de enfrentar los desaf\u00edos humanitarios existentes<\/span><\/p>\n<\/blockquote>\n<p style=\"text-align: justify;\"><span style=\"color: #800000;\"><strong>Damasco, 22 may (SANA)<\/strong> \u00a0<\/span>El ministro de Asuntos Exteriores y Expatriados, Faisal Al-Mekdad, recibi\u00f3 hoy copia de las credenciales de Adam Abdel-Mawla, el coordinador residente de las Naciones Unidas y Coordinador Humanitario en la Rep\u00fablica \u00c1rabe Siria.<\/p>\n<p style=\"text-align: justify;\">Durante la reuni\u00f3n, las dos partes repasaron las relaciones de cooperaci\u00f3n entre el gobierno sirio y las diversas organizaciones y oficinas de las Naciones Unidas que operan en Siria.<\/p>\n<p style=\"text-align: justify;\"><img loading=\"lazy\" decoding=\"async\" class=\" wp-image-298344 alignleft\" src=\"http:\/\/sana.sy\/es\/wp-content\/uploads\/2023\/05\/photo_2023-05-22_12-31-29-300x183.jpg\" alt=\"\" width=\"344\" height=\"210\" srcset=\"https:\/\/archive.sana.sy\/es\/wp-content\/uploads\/2023\/05\/photo_2023-05-22_12-31-29-300x183.jpg 300w, https:\/\/archive.sana.sy\/es\/wp-content\/uploads\/2023\/05\/photo_2023-05-22_12-31-29-1024x623.jpg 1024w, https:\/\/archive.sana.sy\/es\/wp-content\/uploads\/2023\/05\/photo_2023-05-22_12-31-29-150x91.jpg 150w, https:\/\/archive.sana.sy\/es\/wp-content\/uploads\/2023\/05\/photo_2023-05-22_12-31-29-768x467.jpg 768w, https:\/\/archive.sana.sy\/es\/wp-content\/uploads\/2023\/05\/photo_2023-05-22_12-31-29.jpg 1280w\" sizes=\"(max-width: 344px) 100vw, 344px\" \/>Se destac\u00f3 la importancia de impulsar esta cooperaci\u00f3n para enfrentar los desaf\u00edos humanitarios existentes, de una manera que contribuya a apoyar el trabajo humanitario y aliviar el sufrimiento de los ciudadanos sirios.<\/p>\n<p style=\"text-align: justify;\">Al-Mekdad insisti\u00f3 en satisfacer las necesidades humanitarias del pueblo sirio resultantes de la guerra terrorista, las medidas econ\u00f3micas coercitivas unilaterales impuestas ilegalmente por los Estados Unidos y Occidente, y las derivadas del desastre del terremoto.<\/p>\n<p style=\"text-align: justify;\">Subray\u00f3 la necesidad de centrarse en la implementaci\u00f3n de proyectos de recuperaci\u00f3n temprana y apoyar al sector de energ\u00eda, as\u00ed como rehabilitar las infraestructuras da\u00f1adas, los servicios y la reconstrucci\u00f3n.<\/p>\n<p style=\"text-align: justify;\">Tambi\u00e9n, llam\u00f3 a la no politizaci\u00f3n de la cuesti\u00f3n humanitaria que hacen algunos pa\u00edses occidentales a trav\u00e9s de Naciones Unidas para lograr sus agendas pol\u00edticas, y trabajar de acuerdo con los principios y prop\u00f3sitos de la Carta de Naciones Unidas, que estipulan el respeto a la soberan\u00eda e independencia de los estados y la no injerencia en sus asuntos internos.<\/p>\n<p style=\"text-align: justify;\">Por su parte, Abdul Mawla dijo que los desaf\u00edos humanitarios son grandes, y el papel de las Naciones Unidas en Siria se centrar\u00e1 en ayudar al pueblo sirio a levantarse nuevamente, acelerando el proceso de recuperaci\u00f3n en varios sectores que afectan los diversos aspectos de la vida cotidiana de los ciudadanos sirios y la entrega de ayuda humanitaria a los grupos m\u00e1s necesitados.<\/p>\n<p style=\"text-align: justify;\">\n<p style=\"text-align: justify;\">fm\/ed<\/p>\n","protected":false},"excerpt":{"rendered":"<p>Las dos partes repasaron las relaciones de cooperaci\u00f3n entre el gobierno sirio y las diversas organizaciones y oficinas de las Naciones Unidas que operan en Siria, en aras de enfrentar los desaf\u00edos humanitarios existentes Damasco, 22 may (SANA) \u00a0El ministro de Asuntos Exteriores y Expatriados, Faisal Al-Mekdad, recibi\u00f3 hoy copia de las credenciales de Adam &hellip;<\/p>\n","protected":false},"author":32,"featured_media":298331,"comment_status":"closed","ping_status":"closed","sticky":false,"template":"","format":"standard","meta":{"footnotes":""},"categories":[477,447,597,20724,476,583],"tags":[],"class_list":["post-298330","post","type-post","status-publish","format-standard","has-post-thumbnail","","category-noticias-edulcorantes","category-local-politica","category-cinta-de-noticias","category-minuto-a-minuto","category-locales","category-slide"],"_links":{"self":[{"href":"https:\/\/archive.sana.sy\/es\/index.php?rest_route=\/wp\/v2\/posts\/298330"}],"collection":[{"href":"https:\/\/archive.sana.sy\/es\/index.php?rest_route=\/wp\/v2\/posts"}],"about":[{"href":"https:\/\/archive.sana.sy\/es\/index.php?rest_route=\/wp\/v2\/types\/post"}],"author":[{"embeddable":true,"href":"https:\/\/archive.sana.sy\/es\/index.php?rest_route=\/wp\/v2\/users\/32"}],"replies":[{"embeddable":true,"href":"https:\/\/archive.sana.sy\/es\/index.php?rest_route=%2Fwp%2Fv2%2Fcomments&post=298330"}],"version-history":[{"count":4,"href":"https:\/\/archive.sana.sy\/es\/index.php?rest_route=\/wp\/v2\/posts\/298330\/revisions"}],"predecessor-version":[{"id":298350,"href":"https:\/\/archive.sana.sy\/es\/index.php?rest_route=\/wp\/v2\/posts\/298330\/revisions\/298350"}],"wp:featuredmedia":[{"embeddable":true,"href":"https:\/\/archive.sana.sy\/es\/index.php?rest_route=\/wp\/v2\/media\/298331"}],"wp:attachment":[{"href":"https:\/\/archive.sana.sy\/es\/index.php?rest_route=%2Fwp%2Fv2%2Fmedia&parent=298330"}],"wp:term":[{"taxonomy":"category","embeddable":true,"href":"https:\/\/archive.sana.sy\/es\/index.php?rest_route=%2Fwp%2Fv2%2Fcategories&post=298330"},{"taxonomy":"post_tag","embeddable":true,"href":"https:\/\/archive.sana.sy\/es\/index.php?rest_route=%2Fwp%2Fv2%2Ftags&post=298330"}],"curies":[{"name":"wp","href":"https:\/\/api.w.org\/{rel}","templated":true}]}}