{"id":298338,"date":"2023-05-22T12:55:54","date_gmt":"2023-05-22T09:55:54","guid":{"rendered":"https:\/\/sana.sy\/es\/?p=298338"},"modified":"2023-05-22T12:55:54","modified_gmt":"2023-05-22T09:55:54","slug":"ministro-sirio-de-salud-se-reune-con-sus-homologos-de-iraq-jordania-y-emiratos-arabes-unidos","status":"publish","type":"post","link":"https:\/\/archive.sana.sy\/es\/?p=298338","title":{"rendered":"Ministro sirio de salud se re\u00fane con sus hom\u00f3logos de Iraq, Jordania y Emiratos \u00c1rabes Unidos"},"content":{"rendered":"<p style=\"text-align: justify;\"><span style=\"color: #800000;\"><strong>Ginebra, 22 may (SANA)\u00a0<\/strong> <\/span>\u00a0Siria, Iraq, Jordania y Emiratos \u00c1rabes Unidos analizaron hoy la situaci\u00f3n actual del sector salud en el mundo, y los mecanismos de intercambio de experiencias, capacitaci\u00f3n, perspectivas de inversi\u00f3n e industrias farmac\u00e9uticas, adem\u00e1s de fortalecer la cooperaci\u00f3n bilateral para mejorar los servicios de salud.<\/p>\n<p style=\"text-align: justify;\">Eso se produjo durante una reuni\u00f3n entre el ministro sirio de Salud, Hassan al-Ghobash, con sus hom\u00f3logos de Iraq, Salih al-Hasnawi, de Jordania, Firas al-Hawari, y de Emiratos \u00c1rabes Unidos, Abdul Rahman Bin Mohamed Al Owais.<\/p>\n<p style=\"text-align: justify;\">Las conversaciones se efectuaron en el marco de la 59\u00aa sesi\u00f3n ordinaria del Consejo de Ministros \u00c1rabes de Salud, que se celebra en Ginebra.<\/p>\n<p style=\"text-align: justify;\">ed\/fm<\/p>\n","protected":false},"excerpt":{"rendered":"<p>Ginebra, 22 may (SANA)\u00a0 \u00a0Siria, Iraq, Jordania y Emiratos \u00c1rabes Unidos analizaron hoy la situaci\u00f3n actual del sector salud en el mundo, y los mecanismos de intercambio de experiencias, capacitaci\u00f3n, perspectivas de inversi\u00f3n e industrias farmac\u00e9uticas, adem\u00e1s de fortalecer la cooperaci\u00f3n bilateral para mejorar los servicios de salud. Eso se produjo durante una reuni\u00f3n entre &hellip;<\/p>\n","protected":false},"author":32,"featured_media":298339,"comment_status":"closed","ping_status":"closed","sticky":false,"template":"","format":"standard","meta":{"footnotes":""},"categories":[447,477,597,20724,476,7541],"tags":[],"class_list":["post-298338","post","type-post","status-publish","format-standard","has-post-thumbnail","","category-local-politica","category-noticias-edulcorantes","category-cinta-de-noticias","category-minuto-a-minuto","category-locales","category-ultimas-noticias"],"_links":{"self":[{"href":"https:\/\/archive.sana.sy\/es\/index.php?rest_route=\/wp\/v2\/posts\/298338"}],"collection":[{"href":"https:\/\/archive.sana.sy\/es\/index.php?rest_route=\/wp\/v2\/posts"}],"about":[{"href":"https:\/\/archive.sana.sy\/es\/index.php?rest_route=\/wp\/v2\/types\/post"}],"author":[{"embeddable":true,"href":"https:\/\/archive.sana.sy\/es\/index.php?rest_route=\/wp\/v2\/users\/32"}],"replies":[{"embeddable":true,"href":"https:\/\/archive.sana.sy\/es\/index.php?rest_route=%2Fwp%2Fv2%2Fcomments&post=298338"}],"version-history":[{"count":1,"href":"https:\/\/archive.sana.sy\/es\/index.php?rest_route=\/wp\/v2\/posts\/298338\/revisions"}],"predecessor-version":[{"id":298340,"href":"https:\/\/archive.sana.sy\/es\/index.php?rest_route=\/wp\/v2\/posts\/298338\/revisions\/298340"}],"wp:featuredmedia":[{"embeddable":true,"href":"https:\/\/archive.sana.sy\/es\/index.php?rest_route=\/wp\/v2\/media\/298339"}],"wp:attachment":[{"href":"https:\/\/archive.sana.sy\/es\/index.php?rest_route=%2Fwp%2Fv2%2Fmedia&parent=298338"}],"wp:term":[{"taxonomy":"category","embeddable":true,"href":"https:\/\/archive.sana.sy\/es\/index.php?rest_route=%2Fwp%2Fv2%2Fcategories&post=298338"},{"taxonomy":"post_tag","embeddable":true,"href":"https:\/\/archive.sana.sy\/es\/index.php?rest_route=%2Fwp%2Fv2%2Ftags&post=298338"}],"curies":[{"name":"wp","href":"https:\/\/api.w.org\/{rel}","templated":true}]}}