{"id":29836,"date":"2015-09-11T16:08:53","date_gmt":"2015-09-11T13:08:53","guid":{"rendered":"http:\/\/sana.sy\/es\/?p=29836"},"modified":"2015-09-11T16:08:53","modified_gmt":"2015-09-11T13:08:53","slug":"dos-civiles-heridos-en-un-ataque-terrorista-contra-damasco","status":"publish","type":"post","link":"https:\/\/archive.sana.sy\/es\/?p=29836","title":{"rendered":"Dos civiles heridos en un ataque terrorista contra Damasco"},"content":{"rendered":"<p style=\"text-align: justify\"><span style=\"color: #800000\">Damasco, SANA<\/span>&#8211; Un total de dos ciudadanos heridos y varias p\u00e9rdidas materiales fue el saldo que dej\u00f3 este viernes un ataque terrorista contra la aldea de Maaruna y el suburbio de Harasta en la ciudad de Damasco.<\/p>\n<p style=\"text-align: justify\">\u201cun proyectil de mortero impact\u00f3 en el suburbio de Harasta, dejando un civil civiles herido\u201d, rese\u00f1\u00f3 una fuente de polic\u00eda.<\/p>\n<p style=\"text-align: justify\">La fuente agreg\u00f3 que los terroristas que se encuentran en la ciudad de Duma lanzaron 5 proyectiles de mortero contra la aldea de Maaruna en las afueras de Damasco causando heridas a una persona y da\u00f1os materiales.<\/p>\n<p style=\"text-align: justify\">En la ciudad de Damasco un proyectil de mortero impacto en el mercado al-Manajliyah causando da\u00f1os materiales en la zona.<\/p>\n<p>M.Miri<\/p>\n","protected":false},"excerpt":{"rendered":"<p>Damasco, SANA&#8211; Un total de dos ciudadanos heridos y varias p\u00e9rdidas materiales fue el saldo que dej\u00f3 este viernes un ataque terrorista contra la aldea de Maaruna y el suburbio de Harasta en la ciudad de Damasco. \u201cun proyectil de mortero impact\u00f3 en el suburbio de Harasta, dejando un civil civiles herido\u201d, rese\u00f1\u00f3 una fuente &hellip;<\/p>\n","protected":false},"author":1,"featured_media":29195,"comment_status":"closed","ping_status":"closed","sticky":false,"template":"","format":"standard","meta":{"footnotes":""},"categories":[477,476],"tags":[6618,6617],"class_list":["post-29836","post","type-post","status-publish","format-standard","has-post-thumbnail","","category-noticias-edulcorantes","category-locales","tag-dos-civiles-heridos-en-un-ataque-terrorista-contra-damasco","tag-dos-civiles-heridos-en-unos-ataques-terroristas-contra-damasco"],"_links":{"self":[{"href":"https:\/\/archive.sana.sy\/es\/index.php?rest_route=\/wp\/v2\/posts\/29836"}],"collection":[{"href":"https:\/\/archive.sana.sy\/es\/index.php?rest_route=\/wp\/v2\/posts"}],"about":[{"href":"https:\/\/archive.sana.sy\/es\/index.php?rest_route=\/wp\/v2\/types\/post"}],"author":[{"embeddable":true,"href":"https:\/\/archive.sana.sy\/es\/index.php?rest_route=\/wp\/v2\/users\/1"}],"replies":[{"embeddable":true,"href":"https:\/\/archive.sana.sy\/es\/index.php?rest_route=%2Fwp%2Fv2%2Fcomments&post=29836"}],"version-history":[{"count":0,"href":"https:\/\/archive.sana.sy\/es\/index.php?rest_route=\/wp\/v2\/posts\/29836\/revisions"}],"wp:featuredmedia":[{"embeddable":true,"href":"https:\/\/archive.sana.sy\/es\/index.php?rest_route=\/wp\/v2\/media\/29195"}],"wp:attachment":[{"href":"https:\/\/archive.sana.sy\/es\/index.php?rest_route=%2Fwp%2Fv2%2Fmedia&parent=29836"}],"wp:term":[{"taxonomy":"category","embeddable":true,"href":"https:\/\/archive.sana.sy\/es\/index.php?rest_route=%2Fwp%2Fv2%2Fcategories&post=29836"},{"taxonomy":"post_tag","embeddable":true,"href":"https:\/\/archive.sana.sy\/es\/index.php?rest_route=%2Fwp%2Fv2%2Ftags&post=29836"}],"curies":[{"name":"wp","href":"https:\/\/api.w.org\/{rel}","templated":true}]}}