{"id":298470,"date":"2023-05-23T15:07:50","date_gmt":"2023-05-23T12:07:50","guid":{"rendered":"http:\/\/sana.sy\/es\/?p=298470"},"modified":"2023-05-23T15:07:50","modified_gmt":"2023-05-23T12:07:50","slug":"rusia-elimina-a-grupos-de-militares-ucranianos-que-irrumpieron-en-territorio-ruso-de-belgorod","status":"publish","type":"post","link":"https:\/\/archive.sana.sy\/es\/?p=298470","title":{"rendered":"Rusia elimina a grupos de militares ucranianos que irrumpieron en territorio ruso de Belgorod"},"content":{"rendered":"<blockquote>\n<p style=\"text-align: justify;\"><span style=\"color: #993300;\">M\u00e1s de 70 militares y mercenarios terroristas ucranianos, cuatro veh\u00edculos blindados de combate y cinco camionetas fueron destruidos.<\/span><\/p>\n<\/blockquote>\n<p style=\"text-align: justify;\">\n<strong><span style=\"color: #800000;\">Mosc\u00fa, 23 may (SANA)<\/span>\u00a0<\/strong> El Ministerio de Defensa ruso anunci\u00f3 hoy la destrucci\u00f3n completa de los grupos de reconocimiento y sabotaje ucranianos que invadieron parte del territorio de Rusia.<\/p>\n<p style=\"text-align: justify;\">El ente castrense aclar\u00f3 que el 22 de mayo, despu\u00e9s de un intenso bombardeo de artiller\u00eda del puesto de control internacional de Kozinka, as\u00ed como de otras instalaciones civiles en el distrito de Graivor\u00f3n de la regi\u00f3n de Belgorod, una unidad de una formaci\u00f3n nacionalista ucraniana invadi\u00f3 el territorio de la Federaci\u00f3n de Rusia.<\/p>\n<p style=\"text-align: justify;\">En el transcurso de la operaci\u00f3n, las formaciones ucranianas fueron bloqueadas y derrotadas por ataques a\u00e9reos, fuego de artiller\u00eda y la acci\u00f3n activa de las unidades de cobertura de la Frontera Estatal del Distrito Militar Oeste.<\/p>\n<p style=\"text-align: justify;\">Los restos de los nacionalistas fueron expulsados al territorio de Ucrania, donde continuaron siendo alcanzados por el fuego hasta que fueron eliminados por completo.<\/p>\n<p style=\"text-align: justify;\">M\u00e1s de 70 terroristas ucranianos, cuatro veh\u00edculos blindados de combate y cinco camionetas fueron destruidos.<\/p>\n<p style=\"text-align: justify;\">fm\/ed<\/p>\n","protected":false},"excerpt":{"rendered":"<p>M\u00e1s de 70 militares y mercenarios terroristas ucranianos, cuatro veh\u00edculos blindados de combate y cinco camionetas fueron destruidos. Mosc\u00fa, 23 may (SANA)\u00a0 El Ministerio de Defensa ruso anunci\u00f3 hoy la destrucci\u00f3n completa de los grupos de reconocimiento y sabotaje ucranianos que invadieron parte del territorio de Rusia. El ente castrense aclar\u00f3 que el 22 de &hellip;<\/p>\n","protected":false},"author":32,"featured_media":298471,"comment_status":"closed","ping_status":"closed","sticky":false,"template":"","format":"standard","meta":{"footnotes":""},"categories":[597,456,16687,583],"tags":[],"class_list":["post-298470","post","type-post","status-publish","format-standard","has-post-thumbnail","","category-cinta-de-noticias","category-arabe-internacional-politica","category-internacionales","category-slide"],"_links":{"self":[{"href":"https:\/\/archive.sana.sy\/es\/index.php?rest_route=\/wp\/v2\/posts\/298470"}],"collection":[{"href":"https:\/\/archive.sana.sy\/es\/index.php?rest_route=\/wp\/v2\/posts"}],"about":[{"href":"https:\/\/archive.sana.sy\/es\/index.php?rest_route=\/wp\/v2\/types\/post"}],"author":[{"embeddable":true,"href":"https:\/\/archive.sana.sy\/es\/index.php?rest_route=\/wp\/v2\/users\/32"}],"replies":[{"embeddable":true,"href":"https:\/\/archive.sana.sy\/es\/index.php?rest_route=%2Fwp%2Fv2%2Fcomments&post=298470"}],"version-history":[{"count":1,"href":"https:\/\/archive.sana.sy\/es\/index.php?rest_route=\/wp\/v2\/posts\/298470\/revisions"}],"predecessor-version":[{"id":298472,"href":"https:\/\/archive.sana.sy\/es\/index.php?rest_route=\/wp\/v2\/posts\/298470\/revisions\/298472"}],"wp:featuredmedia":[{"embeddable":true,"href":"https:\/\/archive.sana.sy\/es\/index.php?rest_route=\/wp\/v2\/media\/298471"}],"wp:attachment":[{"href":"https:\/\/archive.sana.sy\/es\/index.php?rest_route=%2Fwp%2Fv2%2Fmedia&parent=298470"}],"wp:term":[{"taxonomy":"category","embeddable":true,"href":"https:\/\/archive.sana.sy\/es\/index.php?rest_route=%2Fwp%2Fv2%2Fcategories&post=298470"},{"taxonomy":"post_tag","embeddable":true,"href":"https:\/\/archive.sana.sy\/es\/index.php?rest_route=%2Fwp%2Fv2%2Ftags&post=298470"}],"curies":[{"name":"wp","href":"https:\/\/api.w.org\/{rel}","templated":true}]}}